{"id":691,"date":"2015-10-07T10:27:58","date_gmt":"2015-10-07T08:27:58","guid":{"rendered":"http:\/\/www.rops-bialystok.pl\/andrzej\/?p=691"},"modified":"2021-08-20T09:48:54","modified_gmt":"2021-08-20T07:48:54","slug":"czy-mowic-dziecku-ze-jest-adoptowane","status":"publish","type":"post","link":"https:\/\/rops-bialystok.pl\/adopcja\/index.php\/2015\/10\/07\/czy-mowic-dziecku-ze-jest-adoptowane\/","title":{"rendered":"Czy m\u00f3wi\u0107 dziecku, \u017ce jest adoptowane?"},"content":{"rendered":"<p style=\"text-align: justify;\"><span style=\"color: #000000;\">Do\u015bwiadczenie w pracy z kandydatami na rodzic\u00f3w adopcyjnych w O\u015brodku Adopcyjnym wskazuje, <\/span><span style=\"color: #000000;\">i\u017c ujawnienie przed dzieckiem faktu jego adopcji jest istotnym problemem dla przysz\u0142ych rodzic\u00f3w. Nawet je\u015bli dojd\u0105 oni do wniosku, \u017ce lepiej je\u015bli powiedz\u0105 dziecku sami, ni\u017c mia\u0142oby dowiedzie\u0107 si\u0119 <\/span><span style=\"color: #000000;\">od obcych, to i tak pojawia si\u0119 wiele w\u0105tpliwo\u015bci. Ponadto jeszcze do niedawna w naszym kraju istnia\u0142a tendencja do nieujawniania dziecku faktu adopcji. Czy by\u0142o to s\u0142uszne?<\/span><\/p>\n<p style=\"text-align: justify;\"><strong><span style=\"color: #000000;\">Sk\u0105d bierze si\u0119 niepok\u00f3j zwi\u0105zany z perspektyw\u0105 rozmowy <\/span><span style=\"color: #000000;\">z dzieckiem o fakcie adopcji?<\/span><\/strong><\/p>\n<ol style=\"text-align: justify;\">\n<li><span style=\"color: #000000;\">Jedna z przyczyn wi\u0105\u017ce si\u0119 ze stosunkiem do adopcji i oczekiwaniami wobec dziecka os\u00f3b adoptuj\u0105cych. Przysposabiaj\u0105cy pragn\u0105 \u201ewynagrodzi\u0107\u201d dziecku z\u0142y los i obdarzy\u0107 go zwi\u0119kszon\u0105 trosk\u0105 i czu\u0142o\u015bci\u0105. Dlatego pojawia si\u0119 obawa, \u017ce \u015bwiadomo\u015b\u0107 adopcji mog\u0142aby by\u0107 \u017ar\u00f3d\u0142em negatywnych prze\u017cy\u0107 dziecka, tj. wstydu, poczucia odrzucenia, opuszczenia, bycia \u201einnym\u201d, \u017calu z powodu straty rodzonych rodzic\u00f3w.<\/span><\/li>\n<\/ol>\n<p style=\"text-align: justify;\"><span style=\"color: #000000;\">Tego typu irracjonalne l\u0119ki s\u0105 odbiciem rzutowania na dziecko przez przybranych rodzic\u00f3w w\u0142asnych prze\u017cy\u0107 i postaw wobec adopcji. Pierwszym krokiem do pracy z takim rodzicami powinna by\u0107 zmiana przekonania, co do tego, \u017ce rodzina adopcyjna jest normaln\u0105, zwyk\u0142\u0105 rodzin\u0105, i \u017ce je\u017celi rodzice podchodz\u0105 do faktu adopcji w spos\u00f3b swobodny, naturalny i otwarty, to r\u00f3wnie\u017c dziecko <\/span><span style=\"color: #000000;\">w przysz\u0142o\u015bci prezentuje podobne jak oni postawy.<\/span><\/p>\n<ol style=\"text-align: justify;\" start=\"2\">\n<li><span style=\"color: #000000;\">Kolejn\u0105 obaw\u0105 jest przekonanie, \u017ce z chwil\u0105 ujawnienia faktu adopcji, rodzice utrac\u0105 uczucia dziecka, \u017ce dziecko nie b\u0119dzie ich dalej tak samo kocha\u0107, albo i\u017c wr\u0119cz b\u0119dzie chcia\u0142o odej\u015b\u0107 z domu, \u017ce obni\u017cy si\u0119 ich autorytet wychowawczy, \u017ce dziecko b\u0119dzie szuka\u0107 biologicznej matki i rodziny biologicznej.<\/span><\/li>\n<\/ol>\n<p style=\"text-align: justify;\"><span style=\"color: #000000;\">Tymczasem badania polskie, jak i obserwacje z praktyki wykazuj\u0105, \u017ce dzieci poinformowane we w\u0142a\u015bciwy spos\u00f3b o adopcji nie przejawiaj\u0105 nasilonych negatywnych emocji, ani ich zachowanie<\/span><br \/>\n<span style=\"color: #000000;\"> nie zmienia si\u0119 na gorsze.<\/span><\/p>\n<p style=\"text-align: justify;\"><strong><span style=\"color: #000000;\">Jakie s\u0105 zatem pozytywne konsekwencje rozmawiania z dzieckiem <\/span><span style=\"color: #000000;\">o adopcji?<\/span><\/strong><\/p>\n<ol style=\"text-align: justify;\">\n<li><span style=\"color: #000000;\">Rodzina wyzbywa si\u0119 stanu napi\u0119cia i niepokoju, zwi\u0105zanego z koncentracj\u0105 na pr\u00f3bie ukrycia prawdy.<\/span><\/li>\n<li><span style=\"color: #000000;\">Jest to pewnego rodzaju trening jak komunikowa\u0107 si\u0119 w rodzinie w sprawach dla obu stron wa\u017cnych. Warunkiem bowiem prawid\u0142owego wychowania dziecka jest nauczenie go radzenia sobie <\/span><span style=\"color: #000000;\">z trudnymi sytuacjami emocjonalnymi i wypracowanie przez nie umiej\u0119tno\u015bci prze\u017cywania ich mimo negatywnych uczu\u0107.<\/span><\/li>\n<\/ol>\n<ol style=\"text-align: justify;\" start=\"3\">\n<li><span style=\"color: #000000;\">Przekazuj\u0105c prawd\u0119 prezentujemy swoj\u0105 osob\u0105 takie warto\u015bci jak uczciwo\u015b\u0107 <\/span><span style=\"color: #000000;\">i prawdom\u00f3wno\u015b\u0107. Uczymy dziecko, \u017ce s\u0105 to warto\u015bci dla nas wa\u017cne. Pokazujemy mu wz\u00f3r, w jaki spos\u00f3b mo\u017cna je w \u017cyciu realizowa\u0107.<\/span><\/li>\n<\/ol>\n<ol style=\"text-align: justify;\" start=\"4\">\n<li><span style=\"color: #000000;\">Otwarto\u015b\u0107 doros\u0142ych wobec dziecka tworzy pozytywne efekty wychowawcze. Rodzice mog\u0105 wybra\u0107 odpowiedni\u0105 do tego sytuacj\u0119, u\u017cy\u0107 w\u0142a\u015bciwych sformu\u0142owa\u0144, udzieli\u0107 dziecku emocjonalnego wsparcia \u2013 maj\u0105 kontrol\u0119 nad przebiegiem sprawy. Intymno\u015b\u0107 informacji wp\u0142ywa ponadto na wytworzenie si\u0119 klimatu blisko\u015bci i zaufania pomi\u0119dzy rodzicem a dzieckiem.<\/span><\/li>\n<\/ol>\n<ol start=\"5\">\n<li style=\"text-align: justify;\"><span style=\"color: #000000;\">Rodzice maj\u0105 tak\u017ce szans\u0119 kszta\u0142towania w\u0142a\u015bciwego stosunku dziecka do adopcji, przekonania dziecka, \u017ce wi\u0119zi emocjonalne s\u0105 wa\u017cniejsze, ni\u017c wi\u0119zi krwi. Cz\u0142owiek rodzi si\u0119 do \u017cycia dwa razy \u2013 jako istota biologiczna \/za co odpowiedzialni s\u0105 rodzice naturalni\/ i jako spo\u0142eczna. To, jakim cz\u0142owiekiem stanie si\u0119 dziecko \u2013 jaka b\u0119dzie jego indywidualno\u015b\u0107, postawy wobec ludzi, \u015bwiatopogl\u0105d, system warto\u015bci, wiedza o \u017cyciu i umiej\u0119tno\u015b\u0107 radzenia sobie w nim zale\u017cy od ludzi w\u015br\u00f3d kt\u00f3rych wzrasta. To rodzice adopcyjni s\u0105 tw\u00f3rcami tego cz\u0142owieka, oni daj\u0105 mu drugi raz \u017cycie kreuj\u0105c przysz\u0142o\u015b\u0107. Mog\u0105 i powinni czu\u0107 si\u0119 niezb\u0119dnymi, w\u0142a\u015bciwymi i realnymi rodzicami.<\/span><\/li>\n<\/ol>\n<p>&nbsp;<\/p>\n<p><span style=\"color: #000000;\">Ewa Rojek \u2013 psycholog O\u015brodka Adopcyjnego w Bia\u0142ymstoku<\/span><\/p>\n","protected":false},"excerpt":{"rendered":"<p>Do\u015bwiadczenie w pracy z kandydatami na rodzic\u00f3w adopcyjnych w O\u015brodku Adopcyjnym wskazuje, i\u017c ujawnienie przed dzieckiem faktu jego adopcji jest istotnym problemem dla przysz\u0142ych rodzic\u00f3w. Nawet je\u015bli dojd\u0105 oni do wniosku, \u017ce lepiej je\u015bli powiedz\u0105 dziecku sami, ni\u017c mia\u0142oby dowiedzie\u0107 si\u0119 od obcych, to i tak pojawia si\u0119 wiele w\u0105tpliwo\u015bci. Ponadto jeszcze do niedawna w &hellip; <a href=\"https:\/\/rops-bialystok.pl\/adopcja\/index.php\/2015\/10\/07\/czy-mowic-dziecku-ze-jest-adoptowane\/\" class=\"more-link\">Continue reading<span class=\"screen-reader-text\"> &#8222;Czy m\u00f3wi\u0107 dziecku, \u017ce jest adoptowane?&#8221;<\/span><\/a><\/p>\n","protected":false},"author":2,"featured_media":0,"comment_status":"closed","ping_status":"closed","sticky":false,"template":"","format":"standard","meta":{"footnotes":""},"categories":[4],"tags":[],"class_list":["post-691","post","type-post","status-publish","format-standard","hentry","category-okiem_psychologa"],"_links":{"self":[{"href":"https:\/\/rops-bialystok.pl\/adopcja\/index.php\/wp-json\/wp\/v2\/posts\/691","targetHints":{"allow":["GET"]}}],"collection":[{"href":"https:\/\/rops-bialystok.pl\/adopcja\/index.php\/wp-json\/wp\/v2\/posts"}],"about":[{"href":"https:\/\/rops-bialystok.pl\/adopcja\/index.php\/wp-json\/wp\/v2\/types\/post"}],"author":[{"embeddable":true,"href":"https:\/\/rops-bialystok.pl\/adopcja\/index.php\/wp-json\/wp\/v2\/users\/2"}],"replies":[{"embeddable":true,"href":"https:\/\/rops-bialystok.pl\/adopcja\/index.php\/wp-json\/wp\/v2\/comments?post=691"}],"version-history":[{"count":1,"href":"https:\/\/rops-bialystok.pl\/adopcja\/index.php\/wp-json\/wp\/v2\/posts\/691\/revisions"}],"predecessor-version":[{"id":2973,"href":"https:\/\/rops-bialystok.pl\/adopcja\/index.php\/wp-json\/wp\/v2\/posts\/691\/revisions\/2973"}],"wp:attachment":[{"href":"https:\/\/rops-bialystok.pl\/adopcja\/index.php\/wp-json\/wp\/v2\/media?parent=691"}],"wp:term":[{"taxonomy":"category","embeddable":true,"href":"https:\/\/rops-bialystok.pl\/adopcja\/index.php\/wp-json\/wp\/v2\/categories?post=691"},{"taxonomy":"post_tag","embeddable":true,"href":"https:\/\/rops-bialystok.pl\/adopcja\/index.php\/wp-json\/wp\/v2\/tags?post=691"}],"curies":[{"name":"wp","href":"https:\/\/api.w.org\/{rel}","templated":true}]}}