{"id":712,"date":"2016-02-24T10:11:04","date_gmt":"2016-02-24T09:11:04","guid":{"rendered":"http:\/\/www.rops-bialystok.pl\/andrzej\/?p=712"},"modified":"2021-08-20T09:48:44","modified_gmt":"2021-08-20T07:48:44","slug":"wyzwania-dla-rodzicow-adopcyjnych","status":"publish","type":"post","link":"https:\/\/rops-bialystok.pl\/adopcja\/index.php\/2016\/02\/24\/wyzwania-dla-rodzicow-adopcyjnych\/","title":{"rendered":"Wyzwania dla rodzic\u00f3w adopcyjnych"},"content":{"rendered":"<p style=\"text-align: justify;\">Pragniemy zach\u0119ci\u0107 rodzic\u00f3w adopcyjnych, by si\u0119gali po pozycje ksi\u0105\u017ckowe, dzi\u0119ki kt\u00f3rym, nawet je\u015bli uwa\u017caj\u0105, \u017ce ich dziecko nie ma PROBLEM\u00d3W przez du\u017ce \u201eP\u201d, mog\u0105 u\u015bwiadomi\u0107 sobie, co ich skarb mo\u017ce prze\u017cywa\u0107 i jak sobie z tym radzi\u0107.<\/p>\n<p style=\"text-align: justify;\">Poni\u017cej zamieszczamy fragment ksi\u0105\u017cki \u201eWszystko o adopcji\u201d &#8211; M.Nemiroff, J.Annunziata, wydawnictwa GWP, kt\u00f3ra w przyst\u0119pny spos\u00f3b (bajkowy) podpowiada, jak przekaza\u0107 dziecku informacj\u0119 o tym, \u017ce jest adoptowane oraz u\u015bwiadamia rodzicom, dlaczego jest to wa\u017cne dla ich pociech.<\/p>\n<blockquote><p><strong>Uwagi dla rodzic\u00f3w<\/strong><\/p>\n<p style=\"text-align: justify;\">Dzieci cz\u0119sto s\u0105 \u017ar\u00f3d\u0142em rado\u015bci i zachwytu, wzbogacaj\u0105 nasze \u017cycie. Obok tych nagradzaj\u0105cych emocji, wychowywanie dzieci &#8211; wszystkich dzieci \u2013 dostarcza wielu wyzwa\u0144. Kiedy cz\u0119\u015bci\u0105 historii rodziny jest tez adopcja, rodzice i dzieci mog\u0105 oczekiwa\u0107 okre\u015blonych wyzwa\u0144, charakterystycznych dla tego wa\u017cnego do\u015bwiadczenia \u017cyciowego.<\/p>\n<p><strong>Wyzwania dla rodzic\u00f3w adopcyjnych.<\/strong><\/p>\n<p style=\"text-align: justify;\"><strong>Dzieci my\u015bl\u0105 o swojej adopcji. <\/strong>Dzieci interesuj\u0105 si\u0119 swoja adopcj\u0105, martwi\u0105 si\u0119 o ni\u0105 i o niej fantazjuj\u0105. To jest normalne i nale\u017cy tego oczekiwa\u0107, nawet w przypadku dzieci dobrze przystosowanych i niezale\u017cnie od tego, jak adopcja zosta\u0142a im wyja\u015bniona i jak otwarcie wyrazi\u0142y one swoje uczucia na ten temat. Nasila si\u0119 to szczeg\u00f3lnie wtedy, kiedy dziecko zostaje adoptowane w starszym wieku, poniewa\u017c wnosi ze sob\u0105 d\u0142u\u017csz\u0105 histori\u0119 \u017cycia. To zainteresowanie adopcja nie tylko nie musi stanowi\u0107 problemu, ale oznacza po prostu, \u017ce jest ona dla nich wa\u017cna.<\/p>\n<p style=\"text-align: justify;\"><strong>Troski dziecka zwi\u0105zane z adopcja s\u0142abn\u0105 i nasilaj\u0105 si\u0119 w czasie. <\/strong>Wa\u017cne jest, by rodzice pozostawali otwarci na pytania i uczucia dziecka, nawet je\u015bli zosta\u0142y one przedtem om\u00f3wione. Pytania i uczucia przybieraj\u0105 r\u00f3\u017cn\u0105 form\u0119, w zale\u017cno\u015bci od do\u015bwiadcze\u0144 \u017cyciowych i czynnik\u00f3w stresuj\u0105cych, a tak\u017ce od r\u00f3\u017cnych etap\u00f3w rozwojowych. Na przyk\u0142ad pytania czterolatki nie b\u0119d\u0105 takie same jak pytania czternastolatka. Troski cz\u0119sto pojawiaj\u0105 si\u0119 na nast\u0119puj\u0105cych etapach \u017cyciowych:<\/p>\n<ul>\n<li>pocz\u0105tkowa faza adopcji (przy za\u0142o\u017ceniu, \u017ce dziecko nie zosta\u0142o adoptowane jako niemowl\u0119);<\/li>\n<li>przedszkole, kt\u00f3re zawsze wi\u0105\u017ce si\u0119 z kwesti\u0105 rozstania i cz\u0119sto tak\u017ce z problemem radzenia sobie z wi\u0119ksz\u0105 grup\u0105 r\u00f3wie\u015bnik\u00f3w;<\/li>\n<li>pokwitanie, poniewa\u017c ponownie pojawiaj\u0105 si\u0119 problemy rozstania i w\u0142a\u015bciwe dla tej fazy zainteresowanie seksualno\u015bci\u0105 i rozrodczo\u015bci\u0105 cz\u0142owieka;<\/li>\n<li>adolescencja, kiedy zaczyna si\u0119 chodzenie na randki i mo\u017cliwe staje si\u0119 zaj\u015bcie w ci\u0105\u017c\u0119 (ten okres jest szczeg\u00f3lnie trudny dla dzieci, kt\u00f3rych rodzice biologiczni byli nastolatkami);<\/li>\n<li>wczesna doros\u0142o\u015b\u0107, kiedy dzieci zaczynaj\u0105 umacnia\u0107 doros\u0142\u0105 to\u017csamo\u015b\u0107 (adopcja jest wa\u017cn\u0105 i trwa\u0142\u0105 cz\u0119\u015bci\u0105 ich to\u017csamo\u015bci). Kiedy m\u0142odzi doro\u015bli dowiaduj\u0105 si\u0119, kim s\u0105, chc\u0105 naturalnie wiedzie\u0107 wi\u0119cej o swoich korzeniach, a wi\u0119c przede wszystkim o biologicznych rodzicach.<\/li>\n<\/ul>\n<p style=\"text-align: justify;\"><strong>Wszystkie dzieci chc\u0105 wiedzie\u0107, jak sta\u0142y si\u0119 cz\u0119\u015bci\u0105 swojej rodziny. <\/strong>Niezale\u017cnie od tego, czy urodzi\u0142y si\u0119 w tych rodzinach, czy znalaz\u0142y si\u0119 w nich w efekcie adopcji, dzieci lubi\u0105 s\u0142ucha\u0107 o swoich wcze\u015bniejszych losach. Pytaj\u0105 na przyk\u0142ad o przebieg ci\u0105\u017cy ich biologicznej mamy, okres przed adopcj\u0105, jakie by\u0142y jako niemowl\u0119ta albo m\u0142odsze dzieci. Wa\u017cne s\u0105 cz\u0119ste, bardzo konkretne rozmowy na temat historii, kt\u00f3ra sprawi\u0142a, \u017ce jeste\u015bmy razem. Kiedy jest w rodzinie nieadoptowane rodze\u0144stwo, postaraj si\u0119 stworzy\u0107 r\u00f3wnoleg\u0142e opisy. Na przyk\u0142ad: \u201eTw\u00f3j brat urodzi\u0142 si\u0119 w marcu, Ty by\u0142e\u015b adoptowany w maju. Obaj urodzili\u015bcie si\u0119 w szpitalu. Tw\u00f3j bart r\u00f3s\u0142 w moim brzuchu; Ty ros\u0142e\u015b w brzuchu swej biologicznej mamy. I teraz wszyscy jeste\u015bmy razem\u201d.<\/p>\n<p style=\"text-align: justify;\"><strong>\u00a0\u00a0\u00a0\u00a0\u00a0\u00a0\u00a0\u00a0\u00a0\u00a0\u00a0 Dzieci mog\u0105 \u017cywi\u0107 r\u00f3\u017cne (tak\u017ce ambiwalentne) uczucia na temat tego, \u017ce nie s\u0105 krewnymi. <\/strong>To, niezale\u017cnie od wysi\u0142k\u00f3w rodzic\u00f3w, zdarza si\u0119 najcz\u0119\u015bciej tam, gdzie w rodzinie s\u0105 biologiczne dzieci<strong>. <\/strong>Te adoptowane mog\u0105 uwa\u017ca\u0107, \u017ce nie maj\u0105 tyle samo praw w rodzinie. Mog\u0105 te\u017c wyra\u017anie r\u00f3\u017cni\u0107 si\u0119 od biologicznych cz\u0142onk\u00f3w rodziny \u2013 np. wygl\u0105dem fizycznym czy talentami sportowymi. Zdarza si\u0119 tak najcz\u0119\u015bciej w mi\u0119dzynarodowych adopcjach, czy te\u017c adopcjach z innych kr\u0119g\u00f3w kulturowych. Nasze pociechy zawsze por\u00f3wnuj\u0105 si\u0119 do rodze\u0144stwa, a w przypadku adoptowanych maluch\u00f3w jest to tylko odmienna wersja tego zjawiska.<\/p>\n<p style=\"text-align: justify;\"><strong>\u00a0\u00a0\u00a0\u00a0\u00a0\u00a0\u00a0\u00a0\u00a0\u00a0\u00a0 Wszystkie dzieci na r\u00f3\u017cnych etapach \u017cycia borykaj\u0105 si\u0119 z poczuciem inno\u015bci.<\/strong> Mo\u017ce ona polega\u0107 na trudno\u015bciach w uczeniu si\u0119, problemach z uwag\u0105, op\u00f3\u017anieniach rozwojowych czy trudno\u015bciach emocjonalnych i spo\u0142ecznych. Kiedy takie problemy miewaj\u0105 dzieci adoptowane, ich poczucie inno\u015bci bywa intensyfikowane przez zmartwienia i k\u0142opoty zwi\u0105zane z adopcj\u0105. To utrudnia ca\u0142ej rodzinie radzenie sobie ze zwyk\u0142ymi problemami wieku dzieci\u0119cego.<\/p>\n<p style=\"text-align: justify;\"><strong>\u00a0\u00a0\u00a0\u00a0\u00a0\u00a0\u00a0\u00a0\u00a0\u00a0\u00a0 Dzieci adoptowane mog\u0105 nieustannie martwi\u0107 si\u0119 o to, \u017ce zostan\u0105 opuszczone, odrzucone, wys\u0142ane z powrotem lub \u201eod-adoptowane\u201d. <\/strong>Takie l\u0119ki wi\u0105\u017c\u0105 si\u0119 zazwyczaj z brakiem poczucia bezpiecze\u0144stwa. Maluchy i m\u0142odzi ludzie mog\u0105 martwi\u0107 si\u0119, \u017ce przyczyn\u0105 ich odrzucenia i p\u00f3\u017aniejszej adopcji by\u0142 jaki\u015b brak w nich samych. Rodzice cz\u0119sto nie rozumiej\u0105 tych l\u0119k\u00f3w, poniewa\u017c bardzo starali si\u0119 wyt\u0142umaczy\u0107 trwa\u0142o\u015b\u0107 adopcji i powody, dla kt\u00f3rych adoptowali dziecko. Nawet je\u015bli rodzice jasno i z mi\u0142o\u015bci\u0105 przekonuj\u0105 swoj\u0105 pociech\u0119, ona nadal mo\u017ce si\u0119 martwi\u0107. Czasem dzieci odreagowuj\u0105 to zmartwienie poprzez niegrzeczne zachowanie, na og\u00f3\u0142 nie maj\u0105c \u015bwiadomo\u015bci tego mechanizmu. To tak jakby pod\u015bwiadomie pyta\u0142y: \u201eJe\u017celi zachowam si\u0119 naprawd\u0119 \u017ale, czy mnie ode\u015blecie?\u201d<\/p>\n<p style=\"text-align: justify;\">To jest test mi\u0142o\u015bci dla rodzic\u00f3w. Oczywi\u015bcie dzieci nie chc\u0105 by\u0107 odes\u0142ane z powrotem i jest to ich najgorszy l\u0119k. Pragn\u0105 us\u0142ysze\u0107, \u017ce zosta\u0142y adoptowane na zawsze i \u017ce b\u0119d\u0105 zawsze kochane. Zanim dziecko w to uwierzy, potrzebnych b\u0119dzie jeszcze wiele test\u00f3w mi\u0142o\u015bci i wielokrotnie powtarzanych wyja\u015bnie\u0144.<\/p>\n<p style=\"text-align: justify;\"><strong>Wszyscy rodzice pragn\u0105 i oczekuj\u0105 od dzieci okazjonalnych cho\u0107by wyraz\u00f3w wdzi\u0119czno\u015bci i tego, \u017ce doceniaj\u0105 starania doros\u0142ych w rodzinie. <\/strong>Kiedy pojawiaj\u0105 si\u0119 podzi\u0119kowania (oczywi\u015bcie nie zdarza si\u0119 to codziennie), jest to cudowne uczucie. Mo\u017cna te\u017c czu\u0107 si\u0119 rozczarowanym, kiedy si\u0119 nie pojawiaj\u0105. Gdy rozwa\u017ca si\u0119, przez jak wiele rodzice przechodz\u0105 w procesie adopcyjnym \u2013 emocjonalnie, organizacyjnie i finansowo \u2013 szczeg\u00f3lnie boli, je\u017celi dziecko pozostaje niewdzi\u0119czne, a nawet wprost wyra\u017ca niewdzi\u0119czno\u015b\u0107. Pomaga, kiedy przypominamy sobie, \u017ce wszystkie dzieci maj\u0105 k\u0142opoty z przekazaniem wyraz\u00f3w doceniania, nawet je\u017celi czuj\u0105 wdzi\u0119czno\u015b\u0107 i podziw. Co wi\u0119cej, w trakcie dorastania m\u0142odzi ludzie coraz cz\u0119\u015bciej odczuwaj\u0105 swoj\u0105 wdzi\u0119czno\u015b\u0107 wobec rodzic\u00f3w i daj\u0105 jej wyraz.<\/p>\n<\/blockquote>\n<p style=\"text-align: justify;\">Ewa Rojek \u2013 psycholog O\u015brodka Adopcyjnego w Bia\u0142ymstoku<\/p>\n","protected":false},"excerpt":{"rendered":"<p>Pragniemy zach\u0119ci\u0107 rodzic\u00f3w adopcyjnych, by si\u0119gali po pozycje ksi\u0105\u017ckowe, dzi\u0119ki kt\u00f3rym, nawet je\u015bli uwa\u017caj\u0105, \u017ce ich dziecko nie ma PROBLEM\u00d3W przez du\u017ce \u201eP\u201d, mog\u0105 u\u015bwiadomi\u0107 sobie, co ich skarb mo\u017ce prze\u017cywa\u0107 i jak sobie z tym radzi\u0107. Poni\u017cej zamieszczamy fragment ksi\u0105\u017cki \u201eWszystko o adopcji\u201d &#8211; M.Nemiroff, J.Annunziata, wydawnictwa GWP, kt\u00f3ra w przyst\u0119pny spos\u00f3b (bajkowy) podpowiada, &hellip; <a href=\"https:\/\/rops-bialystok.pl\/adopcja\/index.php\/2016\/02\/24\/wyzwania-dla-rodzicow-adopcyjnych\/\" class=\"more-link\">Continue reading<span class=\"screen-reader-text\"> &#8222;Wyzwania dla rodzic\u00f3w adopcyjnych&#8221;<\/span><\/a><\/p>\n","protected":false},"author":2,"featured_media":0,"comment_status":"closed","ping_status":"closed","sticky":false,"template":"","format":"standard","meta":{"footnotes":""},"categories":[4],"tags":[],"class_list":["post-712","post","type-post","status-publish","format-standard","hentry","category-okiem_psychologa"],"_links":{"self":[{"href":"https:\/\/rops-bialystok.pl\/adopcja\/index.php\/wp-json\/wp\/v2\/posts\/712","targetHints":{"allow":["GET"]}}],"collection":[{"href":"https:\/\/rops-bialystok.pl\/adopcja\/index.php\/wp-json\/wp\/v2\/posts"}],"about":[{"href":"https:\/\/rops-bialystok.pl\/adopcja\/index.php\/wp-json\/wp\/v2\/types\/post"}],"author":[{"embeddable":true,"href":"https:\/\/rops-bialystok.pl\/adopcja\/index.php\/wp-json\/wp\/v2\/users\/2"}],"replies":[{"embeddable":true,"href":"https:\/\/rops-bialystok.pl\/adopcja\/index.php\/wp-json\/wp\/v2\/comments?post=712"}],"version-history":[{"count":1,"href":"https:\/\/rops-bialystok.pl\/adopcja\/index.php\/wp-json\/wp\/v2\/posts\/712\/revisions"}],"predecessor-version":[{"id":2971,"href":"https:\/\/rops-bialystok.pl\/adopcja\/index.php\/wp-json\/wp\/v2\/posts\/712\/revisions\/2971"}],"wp:attachment":[{"href":"https:\/\/rops-bialystok.pl\/adopcja\/index.php\/wp-json\/wp\/v2\/media?parent=712"}],"wp:term":[{"taxonomy":"category","embeddable":true,"href":"https:\/\/rops-bialystok.pl\/adopcja\/index.php\/wp-json\/wp\/v2\/categories?post=712"},{"taxonomy":"post_tag","embeddable":true,"href":"https:\/\/rops-bialystok.pl\/adopcja\/index.php\/wp-json\/wp\/v2\/tags?post=712"}],"curies":[{"name":"wp","href":"https:\/\/api.w.org\/{rel}","templated":true}]}}