{"id":725,"date":"2016-03-14T14:20:39","date_gmt":"2016-03-14T13:20:39","guid":{"rendered":"http:\/\/www.rops-bialystok.pl\/andrzej\/?p=725"},"modified":"2021-08-20T09:48:34","modified_gmt":"2021-08-20T07:48:34","slug":"znany-adoptowany","status":"publish","type":"post","link":"https:\/\/rops-bialystok.pl\/adopcja\/index.php\/2016\/03\/14\/znany-adoptowany\/","title":{"rendered":"Znany adoptowany"},"content":{"rendered":"<p style=\"text-align: justify;\"><span style=\"color: #000000;\">O tym, \u017ce adoptowanemu dziecku nale\u017cy powiedzie\u0107, \u017ce jest adoptowane, pisa\u0142am ju\u017c w artykule <span style=\"color: #0000ff;\"><a style=\"color: #0000ff;\" href=\"http:\/\/www.rops-bialystok.pl\/andrzej\/?p=691\" target=\"_blank\" rel=\"noopener\">\u201eCzy m\u00f3wi\u0107 dziecku, \u017ce jest adoptowane?\u201d<\/a><\/span>. Pojawiaj\u0105ce si\u0119 p\u00f3\u017aniej rozterki adoptowanych m\u0142odych ludzi zwi\u0105zane z \u201einno\u015bci\u0105\u201d, o kt\u00f3rych by\u0142a mowa w <span style=\"color: #0000ff;\"><a style=\"color: #0000ff;\" href=\"http:\/\/www.rops-bialystok.pl\/andrzej\/?p=712\" target=\"_blank\" rel=\"noopener\">\u201eWyzwaniach dla rodzic\u00f3w adopcyjnych\u201d<\/a><\/span>, warto zast\u0105pi\u0107 w poczucie bycia wyj\u0105tkowym, wybranym. Wychodz\u0105c naprzeciw temu zadaniu, chcia\u0142abym zaprezentowa\u0107 Pa\u0144stwu sylwetk\u0119 adoptowanego i bardzo znanego ze swych osi\u0105gni\u0119\u0107 cz\u0142owieka \u2013 wsp\u00f3\u0142za\u0142o\u017cyciela firmy Apple. Przytoczenie historii tego cz\u0142owieka, kt\u00f3ry by\u0142 adoptowany, z pewno\u015bci\u0105 wesprze dzia\u0142ania rodzic\u00f3w adopcyjnych w utwierdzaniu poczucia w\u0142asnej warto\u015bci ich dzieci.<\/span><\/p>\n<p style=\"text-align: justify;\"><span style=\"color: #000000;\">Zapraszam do przeczytania historii\/obejrzenia filmu o Stevie Jobsie \u2013 wsp\u00f3\u0142za\u0142o\u017cycielu ameryka\u0144skiej firmy Apple.<\/span><\/p>\n<p><span style=\"color: #0000ff;\"><a style=\"color: #0000ff;\" href=\"http:\/\/www.jaczewski.pl\/blog\/steve-jobs-trzy-historie\/\">http:\/\/www.jaczewski.pl\/blog\/steve-jobs-trzy-historie\/<\/a><\/span><\/p>\n<p>&nbsp;<\/p>\n<p><span style=\"color: #000000;\">Ewa Rojek \u2013 psycholog O\u015brodka Adopcyjnego w Bia\u0142ymstoku<\/span><\/p>\n","protected":false},"excerpt":{"rendered":"<p>O tym, \u017ce adoptowanemu dziecku nale\u017cy powiedzie\u0107, \u017ce jest adoptowane, pisa\u0142am ju\u017c w artykule \u201eCzy m\u00f3wi\u0107 dziecku, \u017ce jest adoptowane?\u201d. Pojawiaj\u0105ce si\u0119 p\u00f3\u017aniej rozterki adoptowanych m\u0142odych ludzi zwi\u0105zane z \u201einno\u015bci\u0105\u201d, o kt\u00f3rych by\u0142a mowa w \u201eWyzwaniach dla rodzic\u00f3w adopcyjnych\u201d, warto zast\u0105pi\u0107 w poczucie bycia wyj\u0105tkowym, wybranym. Wychodz\u0105c naprzeciw temu zadaniu, chcia\u0142abym zaprezentowa\u0107 Pa\u0144stwu sylwetk\u0119 adoptowanego &hellip; <a href=\"https:\/\/rops-bialystok.pl\/adopcja\/index.php\/2016\/03\/14\/znany-adoptowany\/\" class=\"more-link\">Continue reading<span class=\"screen-reader-text\"> &#8222;Znany adoptowany&#8221;<\/span><\/a><\/p>\n","protected":false},"author":2,"featured_media":0,"comment_status":"closed","ping_status":"closed","sticky":false,"template":"","format":"standard","meta":{"footnotes":""},"categories":[4],"tags":[],"class_list":["post-725","post","type-post","status-publish","format-standard","hentry","category-okiem_psychologa"],"_links":{"self":[{"href":"https:\/\/rops-bialystok.pl\/adopcja\/index.php\/wp-json\/wp\/v2\/posts\/725","targetHints":{"allow":["GET"]}}],"collection":[{"href":"https:\/\/rops-bialystok.pl\/adopcja\/index.php\/wp-json\/wp\/v2\/posts"}],"about":[{"href":"https:\/\/rops-bialystok.pl\/adopcja\/index.php\/wp-json\/wp\/v2\/types\/post"}],"author":[{"embeddable":true,"href":"https:\/\/rops-bialystok.pl\/adopcja\/index.php\/wp-json\/wp\/v2\/users\/2"}],"replies":[{"embeddable":true,"href":"https:\/\/rops-bialystok.pl\/adopcja\/index.php\/wp-json\/wp\/v2\/comments?post=725"}],"version-history":[{"count":1,"href":"https:\/\/rops-bialystok.pl\/adopcja\/index.php\/wp-json\/wp\/v2\/posts\/725\/revisions"}],"predecessor-version":[{"id":2970,"href":"https:\/\/rops-bialystok.pl\/adopcja\/index.php\/wp-json\/wp\/v2\/posts\/725\/revisions\/2970"}],"wp:attachment":[{"href":"https:\/\/rops-bialystok.pl\/adopcja\/index.php\/wp-json\/wp\/v2\/media?parent=725"}],"wp:term":[{"taxonomy":"category","embeddable":true,"href":"https:\/\/rops-bialystok.pl\/adopcja\/index.php\/wp-json\/wp\/v2\/categories?post=725"},{"taxonomy":"post_tag","embeddable":true,"href":"https:\/\/rops-bialystok.pl\/adopcja\/index.php\/wp-json\/wp\/v2\/tags?post=725"}],"curies":[{"name":"wp","href":"https:\/\/api.w.org\/{rel}","templated":true}]}}