{"id":941,"date":"2020-04-06T10:56:21","date_gmt":"2020-04-06T08:56:21","guid":{"rendered":"http:\/\/www.rops-bialystok.pl\/andrzej\/?p=941"},"modified":"2021-08-20T09:46:59","modified_gmt":"2021-08-20T07:46:59","slug":"czy-nie-trace-rozumu-w-czasach-pandemii","status":"publish","type":"post","link":"https:\/\/rops-bialystok.pl\/adopcja\/index.php\/2020\/04\/06\/czy-nie-trace-rozumu-w-czasach-pandemii\/","title":{"rendered":"Czy nie trac\u0119 (rozumu?) w czasach pandemii?"},"content":{"rendered":"<p><em>\u201eJednego dnia stracili\u015bmy wszystko: wolno\u015b\u0107, mo\u017cliwo\u015b\u0107 odwiedzania bliskich, robienia zakup\u00f3w, chodzenia do pracy, edukowania dzieci w szko\u0142ach, brania udzia\u0142u w szkoleniach<br \/>\ni konferencjach, prowadzenia biznes\u00f3w, wyjazd\u00f3w.\u201d<\/em> \u2013 tak zaczyna si\u0119 artyku\u0142, wypowied\u017a jednej z Nas\/Was, kt\u00f3ra opisuje proces straty, \u017ca\u0142oby w obecnej sytuacji (pandemii ). S\u0142owa blogerki pozwalaj\u0105 zrozumie\u0107, pouk\u0142ada\u0107 my\u015bli i emocje i pocieszy\u0107 si\u0119, \u017ce nie jestem jedyny, z kt\u00f3rym tak si\u0119 dziej\u0119. Mo\u017ce jednak nie zwariowa\u0142am\/nie zwariowa\u0142em? My\u015bl\u0119, \u017ce ka\u017cdy we\u017amie z tego to, co sam potrzebuje. Bardzo gor\u0105co zach\u0119cam do przeczytania zawarto\u015bci poni\u017cszego linku, tym bardziej, \u017ce autorka jest mi\u0119dzy innymi matk\u0105 adopcyjn\u0105:<\/p>\n<p><a href=\"https:\/\/agatakomorowska.pl\/koronawirus-i-5-etapow-zaloby\/\">https:\/\/agatakomorowska.pl\/koronawirus-i-5-etapow-zaloby\/<\/a><\/p>\n<p>P.S. W tym trudnym dla wszystkich czasie, gdy dzieci s\u0105 bezustannie pod Wasz\u0105 opiek\u0105, mo\u017cecie liczy\u0107 na konsultacje z nami, rozmow\u0119, wsparcie telefoniczne. Zach\u0119camy r\u00f3wnie\u017c do\u00a0 kontaktu drog\u0105 mailow\u0105:<\/p>\n<p><a href=\"mailto:katarzyna.renczynska@rops-bialystok.pl\">katarzyna.renczynska@rops-bialystok.pl<\/a> (pedagog \u2013 kierownik)<\/p>\n<p><a href=\"mailto:jolanta.go\u015bciewska@rops-bialystok.pl\">jolanta.go\u015bciewska@rops-bialystok.pl<\/a> (psycholog)<\/p>\n<p><a href=\"mailto:ewa.rojek@rops-bialystok.pl\">ewa.rojek@rops-bialystok.pl<\/a> (psycholog)<\/p>\n<p><a href=\"mailto:lidia.nikonowicz@rops-bialystok.pl\">lidia.nikonowicz@rops-bialystok.pl<\/a> (psycholog)<\/p>\n","protected":false},"excerpt":{"rendered":"<p>\u201eJednego dnia stracili\u015bmy wszystko: wolno\u015b\u0107, mo\u017cliwo\u015b\u0107 odwiedzania bliskich, robienia zakup\u00f3w, chodzenia do pracy, edukowania dzieci w szko\u0142ach, brania udzia\u0142u w szkoleniach i konferencjach, prowadzenia biznes\u00f3w, wyjazd\u00f3w.\u201d \u2013 tak zaczyna si\u0119 artyku\u0142, wypowied\u017a jednej z Nas\/Was, kt\u00f3ra opisuje proces straty, \u017ca\u0142oby w obecnej sytuacji (pandemii ). S\u0142owa blogerki pozwalaj\u0105 zrozumie\u0107, pouk\u0142ada\u0107 my\u015bli i emocje i pocieszy\u0107 &hellip; <a href=\"https:\/\/rops-bialystok.pl\/adopcja\/index.php\/2020\/04\/06\/czy-nie-trace-rozumu-w-czasach-pandemii\/\" class=\"more-link\">Continue reading<span class=\"screen-reader-text\"> &#8222;Czy nie trac\u0119 (rozumu?) w czasach pandemii?&#8221;<\/span><\/a><\/p>\n","protected":false},"author":1,"featured_media":0,"comment_status":"closed","ping_status":"closed","sticky":false,"template":"","format":"standard","meta":{"footnotes":""},"categories":[4],"tags":[],"class_list":["post-941","post","type-post","status-publish","format-standard","hentry","category-okiem_psychologa"],"_links":{"self":[{"href":"https:\/\/rops-bialystok.pl\/adopcja\/index.php\/wp-json\/wp\/v2\/posts\/941","targetHints":{"allow":["GET"]}}],"collection":[{"href":"https:\/\/rops-bialystok.pl\/adopcja\/index.php\/wp-json\/wp\/v2\/posts"}],"about":[{"href":"https:\/\/rops-bialystok.pl\/adopcja\/index.php\/wp-json\/wp\/v2\/types\/post"}],"author":[{"embeddable":true,"href":"https:\/\/rops-bialystok.pl\/adopcja\/index.php\/wp-json\/wp\/v2\/users\/1"}],"replies":[{"embeddable":true,"href":"https:\/\/rops-bialystok.pl\/adopcja\/index.php\/wp-json\/wp\/v2\/comments?post=941"}],"version-history":[{"count":1,"href":"https:\/\/rops-bialystok.pl\/adopcja\/index.php\/wp-json\/wp\/v2\/posts\/941\/revisions"}],"predecessor-version":[{"id":3363,"href":"https:\/\/rops-bialystok.pl\/adopcja\/index.php\/wp-json\/wp\/v2\/posts\/941\/revisions\/3363"}],"wp:attachment":[{"href":"https:\/\/rops-bialystok.pl\/adopcja\/index.php\/wp-json\/wp\/v2\/media?parent=941"}],"wp:term":[{"taxonomy":"category","embeddable":true,"href":"https:\/\/rops-bialystok.pl\/adopcja\/index.php\/wp-json\/wp\/v2\/categories?post=941"},{"taxonomy":"post_tag","embeddable":true,"href":"https:\/\/rops-bialystok.pl\/adopcja\/index.php\/wp-json\/wp\/v2\/tags?post=941"}],"curies":[{"name":"wp","href":"https:\/\/api.w.org\/{rel}","templated":true}]}}