{"id":974,"date":"2020-09-03T11:58:53","date_gmt":"2020-09-03T09:58:53","guid":{"rendered":"http:\/\/www.rops-bialystok.pl\/andrzej\/?p=974"},"modified":"2021-08-20T09:44:04","modified_gmt":"2021-08-20T07:44:04","slug":"okiem-psychologa","status":"publish","type":"post","link":"https:\/\/rops-bialystok.pl\/adopcja\/index.php\/2020\/09\/03\/okiem-psychologa\/","title":{"rendered":"Nie ma z\u0142ych emocji"},"content":{"rendered":"<p style=\"text-align: center;\">Drogi Rodzicu Adopcyjny! By\u0107 mo\u017ce zastanawia\u0142e\u015b si\u0119, czy wszystkie emocje, kt\u00f3re czujesz \u2013 do siebie, swojego dziecka, innych \u2013 s\u0105 \u201ew\u0142a\u015bciwe\u201d? By\u0107 mo\u017ce zastanawia\u0142e\u015b si\u0119 nad emocjami swojego dziecka? Poszukuj\u0105c odpowiedzi, mo\u017ce zainspirujesz si\u0119 \u201eokiem psychologa\u201d \ud83d\ude09 ?<\/p>\n<p style=\"text-align: center;\"><em><strong>Nie ma z\u0142ych emocji<\/strong><\/em><\/p>\n<p style=\"text-align: center;\">Kiedy odczuwasz <em><strong>STRACH<\/strong><\/em>, w\u0142\u0105cza Ci si\u0119 ostro\u017cno\u015b\u0107.<\/p>\n<p style=\"text-align: center;\"><em><strong>SMUTEK<\/strong><\/em> przynosi refleksj\u0119.<\/p>\n<p style=\"text-align: center;\"><em><strong>WYRZUTY SUMIENIA<\/strong><\/em> zaszczepiaj\u0105 poczucie sprawiedliwo\u015bci.<\/p>\n<p style=\"text-align: center;\"><em><strong>Z\u0141O\u015a\u0106<\/strong><\/em> buduje granice, co innym wolno, a na co sobie nie pozwolisz.<\/p>\n<p style=\"text-align: center;\"><em><strong>ZAZDRO\u015a\u0106<\/strong><\/em> ujawnia marzenia.<\/p>\n<p style=\"text-align: center;\">Nie ma z\u0142ych emocji. Bo ka\u017cde z nich wnosz\u0105 co\u015b innego, spe\u0142niaj\u0105 r\u00f3\u017cne funkcje, s\u0105 po\u017cyteczne,<\/p>\n<p style=\"text-align: center;\">Wsp\u00f3\u0142istniej\u0105 i dope\u0142niaj\u0105 si\u0119.<\/p>\n<p style=\"text-align: center;\"><em><strong>Dlatego warto je zrozumie\u0107, zawrze\u0107 z nimi rozejm i pracowa\u0107 nad ich r\u00f3wnowag\u0105.<\/strong><\/em><\/p>\n","protected":false},"excerpt":{"rendered":"<p>Drogi Rodzicu Adopcyjny! By\u0107 mo\u017ce zastanawia\u0142e\u015b si\u0119, czy wszystkie emocje, kt\u00f3re czujesz \u2013 do siebie, swojego dziecka, innych \u2013 s\u0105 \u201ew\u0142a\u015bciwe\u201d? By\u0107 mo\u017ce zastanawia\u0142e\u015b si\u0119 nad emocjami swojego dziecka? Poszukuj\u0105c odpowiedzi, mo\u017ce zainspirujesz si\u0119 \u201eokiem psychologa\u201d \ud83d\ude09 ? Nie ma z\u0142ych emocji Kiedy odczuwasz STRACH, w\u0142\u0105cza Ci si\u0119 ostro\u017cno\u015b\u0107. SMUTEK przynosi refleksj\u0119. WYRZUTY SUMIENIA zaszczepiaj\u0105 &hellip; <a href=\"https:\/\/rops-bialystok.pl\/adopcja\/index.php\/2020\/09\/03\/okiem-psychologa\/\" class=\"more-link\">Continue reading<span class=\"screen-reader-text\"> &#8222;Nie ma z\u0142ych emocji&#8221;<\/span><\/a><\/p>\n","protected":false},"author":1,"featured_media":0,"comment_status":"closed","ping_status":"closed","sticky":false,"template":"","format":"standard","meta":{"footnotes":""},"categories":[4],"tags":[],"class_list":["post-974","post","type-post","status-publish","format-standard","hentry","category-okiem_psychologa"],"_links":{"self":[{"href":"https:\/\/rops-bialystok.pl\/adopcja\/index.php\/wp-json\/wp\/v2\/posts\/974","targetHints":{"allow":["GET"]}}],"collection":[{"href":"https:\/\/rops-bialystok.pl\/adopcja\/index.php\/wp-json\/wp\/v2\/posts"}],"about":[{"href":"https:\/\/rops-bialystok.pl\/adopcja\/index.php\/wp-json\/wp\/v2\/types\/post"}],"author":[{"embeddable":true,"href":"https:\/\/rops-bialystok.pl\/adopcja\/index.php\/wp-json\/wp\/v2\/users\/1"}],"replies":[{"embeddable":true,"href":"https:\/\/rops-bialystok.pl\/adopcja\/index.php\/wp-json\/wp\/v2\/comments?post=974"}],"version-history":[{"count":1,"href":"https:\/\/rops-bialystok.pl\/adopcja\/index.php\/wp-json\/wp\/v2\/posts\/974\/revisions"}],"predecessor-version":[{"id":3408,"href":"https:\/\/rops-bialystok.pl\/adopcja\/index.php\/wp-json\/wp\/v2\/posts\/974\/revisions\/3408"}],"wp:attachment":[{"href":"https:\/\/rops-bialystok.pl\/adopcja\/index.php\/wp-json\/wp\/v2\/media?parent=974"}],"wp:term":[{"taxonomy":"category","embeddable":true,"href":"https:\/\/rops-bialystok.pl\/adopcja\/index.php\/wp-json\/wp\/v2\/categories?post=974"},{"taxonomy":"post_tag","embeddable":true,"href":"https:\/\/rops-bialystok.pl\/adopcja\/index.php\/wp-json\/wp\/v2\/tags?post=974"}],"curies":[{"name":"wp","href":"https:\/\/api.w.org\/{rel}","templated":true}]}}