{"id":25772,"date":"2025-09-12T14:24:19","date_gmt":"2025-09-12T12:24:19","guid":{"rendered":"https:\/\/rops-bialystok.pl\/fers\/?p=25772"},"modified":"2026-02-27T13:41:30","modified_gmt":"2026-02-27T12:41:30","slug":"zaproszenie-na-wizyte-studyjna","status":"publish","type":"post","link":"https:\/\/rops-bialystok.pl\/fers\/2025\/09\/12\/zaproszenie-na-wizyte-studyjna\/","title":{"rendered":"Zaproszenie do udzia\u0142u w czterodniowej wizycie studyjnej do wojew\u00f3dztwa opolskiego &#8211; 6-9 pa\u017adziernika 2025"},"content":{"rendered":"<p>Regionalny O\u015brodek Polityki Spo\u0142ecznej w Bia\u0142ymstoku, realizuj\u0105cy projekt \u201eKoordynacja dzia\u0142a\u0144 w zakresie polityki spo\u0142ecznej w wojew\u00f3dztwie podlaskim\u201d w ramach Dzia\u0142ania 04.13: Wysokiej jako\u015bci system w\u0142\u0105czenia spo\u0142ecznego, Programu Fundusze Europejskie dla Rozwoju Spo\u0142ecznego 2021-2027 (FERS), wsp\u00f3\u0142finansowanego ze \u015brodk\u00f3w Europejskiego Funduszu Spo\u0142ecznego Plus, w ramach typu projekt\u00f3w pn. Dzia\u0142ania ROPS w zakresie us\u0142ug spo\u0142ecznych, pomocy spo\u0142ecznej, ES i aktywnej integracji, s\u0142u\u017c\u0105ce w\u0142\u0105czeniu spo\u0142ecznemu, realizowane na poziomie wojew\u00f3dzkim, serdecznie zaprasza pracownik\u00f3w nast\u0119puj\u0105cych podmiot\u00f3w i instytucji z terenu wojew\u00f3dztwa podlaskiego:<\/p>\n<p><strong>przedstawicieli instytucji pomocy spo\u0142ecznej zajmuj\u0105cych si\u0119 pomoc\u0105 i integracj\u0105 spo\u0142eczn\u0105 oraz instytucji i podmiot\u00f3w dzia\u0142aj\u0105cych w obszarze wspierania rodziny, pieczy zast\u0119pczej i adopcji, w tym ROPS i Instytucji Zarz\u0105dzaj\u0105cej FEdP, zajmuj\u0105cych si\u0119 planowaniem i ukierunkowaniem interwencji w wojew\u00f3dztwie podlaskim do udzia\u0142u w czterodniowej wizycie studyjnej do wojew\u00f3dztwa opolskiego<\/strong><\/p>\n<p>Uczestnikom wizyty studyjnej zapewniamy bezp\u0142atny transport w obydwie strony, noclegi oraz pe\u0142ne wy\u017cywienie.<\/p>\n<p><strong>Termin: 6-9 pa\u017adziernik 2025 r.<\/strong><\/p>\n<p><strong>Trasa: Bia\u0142ystok \u2013 wojew\u00f3dztwo opolskie \u2013 Bia\u0142ystok<\/strong><\/p>\n<p>Celem wizyty studyjnej jest poznanie przyk\u0142ad\u00f3w dobrych praktyk dotycz\u0105cych rozwoju us\u0142ug spo\u0142ecznych, deinstytucjonalizacji, funkcjonowania podmiot\u00f3w i instytucji polityki spo\u0142ecznej, organizacji spo\u0142ecznych, podmiot\u00f3w ekonomii spo\u0142ecznej, o\u015brodk\u00f3w wsparcia, plac\u00f3wek wsparcia dziennego, dom\u00f3w dziennego pobytu, dom\u00f3w pomocy spo\u0142ecznej, plac\u00f3wek specjalistycznego poradnictwa, o\u015brodk\u00f3w interwencji kryzysowej itp.<\/p>\n<p>W ramach wizyty studyjnej planowane s\u0105 spotkania w nast\u0119puj\u0105cych podmiotach:<\/p>\n<ol>\n<li>Zak\u0142ad Aktywno\u015bci Zawodowej w Kluczborku, gen. Pu\u0142askiego 5, 46-200 Kluczbork<\/li>\n<li>Centrum Us\u0142ug Spo\u0142ecznych w Gogolinie, Plac Dworcowy 2, 47-320 Gogolin<\/li>\n<li>ROPS Opole, G\u0142ogowska 25C, 45-315 Opole<\/li>\n<li>Centrum Aktywizacji Spo\u0142ecznej w Opolu, Krakowska 32, 45-075 Opole<\/li>\n<li>Miejski O\u015brodek Pomocy Rodzinie w Opolu, Armii Krajowej 36 45-071 Opole<\/li>\n<li>Strzelecka Sp\u00f3\u0142dzielnia Socjalna, Kardyna\u0142a Wyszy\u0144skiego 10, 47-100 Strzelce Opolskie<\/li>\n<\/ol>\n<p><strong>Liczba miejsc jest ograniczona!<\/strong><\/p>\n<p>Warunkiem udzia\u0142u w rekrutacji na wizyt\u0119 studyjn\u0105 jest zapoznanie si\u0119 z Regulaminem udzia\u0142u w projekcie i poprawne wype\u0142nienie karty zg\u0142oszeniowej (w za\u0142\u0105czeniu) oraz przes\u0142anie jej w formie elektronicznej na adres e-mail: <a href=\"mailto:fers@rops-bialystok.pl\">fers@rops-bialystok.pl<\/a>, b\u0105d\u017a dostarczenie osobi\u015bcie lub poczt\u0105 tradycyjn\u0105 na adres ROPS w Bia\u0142ymstoku: ul. gen. George\u2019a Smitha Pattona 8, 15- 688 Bia\u0142ystok <strong>do dnia 19.09.2025 r.<\/strong> Osob\u0105 do kontaktu w przedmiotowej sprawie jest Micha\u0142 Pugacewicz, tel. 85 744 22 15.<\/p>\n<p>Serdecznie zapraszamy do udzia\u0142u.<\/p>\n<p>&nbsp;<\/p>\n<p><strong>W za\u0142\u0105czeniu:<\/strong><\/p>\n<ul>\n<li><a href=\"https:\/\/rops-bialystok.pl\/fers\/wp-content\/uploads\/2025\/09\/zaproszenie-4.pdf\">Zaproszenie [.PDF]<\/a><\/li>\n<li><a href=\"https:\/\/rops-bialystok.pl\/fers\/wp-content\/uploads\/2025\/09\/Zaproszenie-1.docx\">Zaproszenie [.DOCX]<\/a><\/li>\n<li><a href=\"https:\/\/rops-bialystok.pl\/fers\/wp-content\/uploads\/2025\/09\/Karta-zgloszeniowa-1.pdf\">Karta zg\u0142oszeniowa [.PDF]<\/a><\/li>\n<li><a href=\"https:\/\/rops-bialystok.pl\/fers\/wp-content\/uploads\/2025\/09\/Karta-zgloszeniowa-1.docx\">Karta zg\u0142oszeniowa [.DOCX]<\/a><\/li>\n<li><a href=\"https:\/\/rops-bialystok.pl\/fers\/wp-content\/uploads\/2025\/09\/harmonogram-ROPS-Bialystok-06-09.10.2025r-opolskie.pdf\">Harmonogram &#8211; ROPS Bia\u0142ystok 06-09.10.2025r &#8211; opolskie [.PDF]<\/a><\/li>\n<li><a href=\"https:\/\/rops-bialystok.pl\/fers\/wp-content\/uploads\/2025\/09\/harmonogram-ROPS-Bialystok-06-09.10.2025r-opolskie.docx\">Harmonogram &#8211; ROPS Bia\u0142ystok 06-09.10.2025r &#8211; opolskie [.DOCX]<\/a><\/li>\n<li><a href=\"https:\/\/rops-bialystok.pl\/fers\/wp-content\/uploads\/2025\/09\/Klauzula-informacyjna-ROPS-w-Bialymstoku.pdf\">Klauzula informacyjna ROPS w Bia\u0142ymstoku [.PDF]<\/a><\/li>\n<li><a href=\"https:\/\/rops-bialystok.pl\/fers\/wp-content\/uploads\/2025\/09\/Klauzula-informacyjna-ROPS-w-Bialymstoku.docx\">Klauzula informacyjna ROPS w Bia\u0142ymstoku [.DOCX]<\/a><\/li>\n<li><a href=\"https:\/\/rops-bialystok.pl\/fers\/wp-content\/uploads\/2025\/09\/mapa-dojazdu-parking-Auchan.png\">Mapa dojazdu [.PNG]<\/a><\/li>\n<li><a href=\"https:\/\/rops-bialystok.pl\/fers\/wp-content\/uploads\/2025\/09\/Regulamin-rekrutacji-i-udzialu-w-projekcie.pdf\">Regulamin rekrutacji i udzia\u0142u w projekcie [.PDF]<\/a><\/li>\n<li><a href=\"https:\/\/rops-bialystok.pl\/fers\/wp-content\/uploads\/2025\/09\/Regulamin-rekrutacji-i-udzialu-w-projekcie.docx\">Regulamin rekrutacji i udzia\u0142u w projekcie [.DOCX]<\/a><\/li>\n<\/ul>\n","protected":false},"excerpt":{"rendered":"<p>Regionalny O\u015brodek Polityki Spo\u0142ecznej w Bia\u0142ymstoku, realizuj\u0105cy projekt \u201eKoordynacja dzia\u0142a\u0144 w zakresie polityki spo\u0142ecznej w wojew\u00f3dztwie podlaskim\u201d w ramach Dzia\u0142ania 04.13: Wysokiej jako\u015bci system w\u0142\u0105czenia spo\u0142ecznego, Programu Fundusze Europejskie dla Rozwoju Spo\u0142ecznego 2021-2027 (FERS), wsp\u00f3\u0142finansowanego ze \u015brodk\u00f3w Europejskiego Funduszu Spo\u0142ecznego Plus, w ramach typu projekt\u00f3w pn. Dzia\u0142ania ROPS w zakresie us\u0142ug spo\u0142ecznych, pomocy spo\u0142ecznej, ES &hellip; <a href=\"https:\/\/rops-bialystok.pl\/fers\/2025\/09\/12\/zaproszenie-na-wizyte-studyjna\/\" class=\"more-link\">Continue reading<span class=\"screen-reader-text\"> &#8222;Zaproszenie do udzia\u0142u w czterodniowej wizycie studyjnej do wojew\u00f3dztwa opolskiego &#8211; 6-9 pa\u017adziernika 2025&#8221;<\/span><\/a><\/p>\n","protected":false},"author":2,"featured_media":0,"comment_status":"closed","ping_status":"closed","sticky":false,"template":"","format":"standard","meta":{"footnotes":""},"categories":[41,48,44,15],"tags":[],"class_list":["post-25772","post","type-post","status-publish","format-standard","hentry","category-aktualnosci","category-aktualnosci_es","category-planowanie_interwencji_ppizps","category-wpisy_fers"],"_links":{"self":[{"href":"https:\/\/rops-bialystok.pl\/fers\/wp-json\/wp\/v2\/posts\/25772","targetHints":{"allow":["GET"]}}],"collection":[{"href":"https:\/\/rops-bialystok.pl\/fers\/wp-json\/wp\/v2\/posts"}],"about":[{"href":"https:\/\/rops-bialystok.pl\/fers\/wp-json\/wp\/v2\/types\/post"}],"author":[{"embeddable":true,"href":"https:\/\/rops-bialystok.pl\/fers\/wp-json\/wp\/v2\/users\/2"}],"replies":[{"embeddable":true,"href":"https:\/\/rops-bialystok.pl\/fers\/wp-json\/wp\/v2\/comments?post=25772"}],"version-history":[{"count":2,"href":"https:\/\/rops-bialystok.pl\/fers\/wp-json\/wp\/v2\/posts\/25772\/revisions"}],"predecessor-version":[{"id":25786,"href":"https:\/\/rops-bialystok.pl\/fers\/wp-json\/wp\/v2\/posts\/25772\/revisions\/25786"}],"wp:attachment":[{"href":"https:\/\/rops-bialystok.pl\/fers\/wp-json\/wp\/v2\/media?parent=25772"}],"wp:term":[{"taxonomy":"category","embeddable":true,"href":"https:\/\/rops-bialystok.pl\/fers\/wp-json\/wp\/v2\/categories?post=25772"},{"taxonomy":"post_tag","embeddable":true,"href":"https:\/\/rops-bialystok.pl\/fers\/wp-json\/wp\/v2\/tags?post=25772"}],"curies":[{"name":"wp","href":"https:\/\/api.w.org\/{rel}","templated":true}]}}