{"id":23989,"date":"2025-07-31T12:52:34","date_gmt":"2025-07-31T10:52:34","guid":{"rendered":"https:\/\/rops-bialystok.pl\/rops\/?p=23989"},"modified":"2025-08-14T12:32:22","modified_gmt":"2025-08-14T10:32:22","slug":"zaproszenie-do-udzialu-w-spotkaniu-roboczym-dla-pracownikow-rops-owes","status":"publish","type":"post","link":"https:\/\/rops-bialystok.pl\/rops\/?p=23989","title":{"rendered":"Zaproszenie do udzia\u0142u w spotkaniu roboczym dla pracownik\u00f3w ROPS \u2013 OWES"},"content":{"rendered":"<div>Regionalny O\u015brodek Polityki Spo\u0142ecznej w Bia\u0142ymstoku zaprasza do udzia\u0142u w <strong>spotkaniu roboczym ROPS i OWES<\/strong>, kt\u00f3re odb\u0119dzie si\u0119 w dniu <strong>12 sierpnia 2025 r.<\/strong> w godz. 9.30 &#8211; 15.30 w siedzibie ROPS w Bia\u0142ymstoku. Spotkanie organizowane jest w zwi\u0105zku z realizacj\u0105 projektu \u201eKoordynacja dzia\u0142a\u0144 w zakresie polityki spo\u0142ecznej w wojew\u00f3dztwie podlaskim\u201d w ramach Dzia\u0142ania 04.13: Wysokiej jako\u015bci system w\u0142\u0105czenia spo\u0142ecznego, Programu Fundusze Europejskie dla Rozwoju Spo\u0142ecznego 2021-2027 (FERS), wsp\u00f3\u0142finansowanego ze \u015brodk\u00f3w Europejskiego Funduszu Spo\u0142ecznego Plus, w ramach typu projekt\u00f3w pn. Dzia\u0142ania ROPS w zakresie us\u0142ug spo\u0142ecznych, pomocy spo\u0142ecznej, ES i aktywnej integracji, s\u0142u\u017c\u0105ce w\u0142\u0105czeniu spo\u0142ecznemu, realizowane na poziomie wojew\u00f3dzkim.<\/div>\n<div>Celem spotkania jest om\u00f3wienie kwestii zmian w Regulaminie udzielania wsparcia finansowego na utworzenie i utrzymanie miejsca pracy w przedsi\u0119biorstwie spo\u0142ecznym i wsparcia reintegracyjnego, oraz innych istotnych kwestii dotycz\u0105cych dzia\u0142alno\u015bci OWES.<\/div>\n<div>Osoby zainteresowane udzia\u0142em (maksymalnie 3osoby z jednego OWES &#8211; u) prosimy o przes\u0142anie zg\u0142oszenia <strong>do dnia 06.08.2025 r.<\/strong> na adres e-mail: <a href=\"mailto:fers@rops-bialystok.pl\">fers@rops-bialystok.pl<\/a> b\u0105d\u017a dostarczenie osobi\u015bcie lub poczt\u0105 tradycyjn\u0105 do siedziby ROPS w Bia\u0142ymstoku na adres: ul. gen. George&#8217;a Smitha Pattona 8, 15-688 Bia\u0142ystok.<\/div>\n<div>Osob\u0105 do kontaktu w przedmiotowej sprawie jest Pani Emilia Faszczewska, tel. 85 744 72 75.<\/div>\n<div>&nbsp;<\/div>\n<div><strong>W za\u0142\u0105czeniu:<\/strong><\/div>\n<ol>\n<li><a href=\"https:\/\/rops-bialystok.pl\/fers\/wp-content\/uploads\/2025\/07\/Zaproszenie-OWES.pdf\">Zaproszenie [.PDF]<\/a><\/li>\n<li><a href=\"https:\/\/rops-bialystok.pl\/fers\/wp-content\/uploads\/2025\/07\/zaproszenie-OWES.docx\">Zaproszenie [.DOCX]<\/a><\/li>\n<li><a href=\"https:\/\/rops-bialystok.pl\/fers\/wp-content\/uploads\/2025\/07\/harmonogram-spotkania-12.08.2025-ROPS-OWES.pdf\">Harmonogram [.PDF]<\/a><\/li>\n<li><a href=\"https:\/\/rops-bialystok.pl\/fers\/wp-content\/uploads\/2025\/07\/harmonogram-spotkania-12.08.2025-ROPS-OWES.docx\">Harmonogram [.DOCX]<\/a><\/li>\n<li><a href=\"https:\/\/rops-bialystok.pl\/fers\/wp-content\/uploads\/2025\/07\/karta-zgloszeniowa-1.pdf\">Karta zg\u0142oszeniowa [.PDF]<\/a><\/li>\n<li><a href=\"https:\/\/rops-bialystok.pl\/fers\/wp-content\/uploads\/2025\/07\/karta-zgloszeniowa-1.docx\">Karta zg\u0142oszeniowa [.DOCX]<\/a><\/li>\n<li><a href=\"https:\/\/rops-bialystok.pl\/fers\/wp-content\/uploads\/2025\/07\/Klauzule-informacyjne-ROPS-w-Bialymstoku-oraz-Ministra-wlasciwego-do-spraw-rozwoju-regionalnego-oraz-Ministra-Rodziny-Pracy-i-Polityki-Spolecznej.pdf\">Klauzule informacyjne ROPS w Bia\u0142ymstoku oraz Ministra w\u0142a\u015bciwego do spraw rozwoju regionalnego oraz Ministra Rodziny, Pracy i Polityki Spo\u0142ecznej [.PDF]<\/a><\/li>\n<li><a href=\"https:\/\/rops-bialystok.pl\/fers\/wp-content\/uploads\/2025\/07\/Klauzule-informacyjne-ROPS-w-Bialymstoku-oraz-Ministra-wlasciwego-do-spraw-rozwoju-regionalnego-oraz-Ministra-Rodziny-Pracy-i-Polityki-Spolecznej.docx\">Klauzule informacyjne ROPS w Bia\u0142ymstoku oraz Ministra w\u0142a\u015bciwego do spraw rozwoju regionalnego oraz Ministra Rodziny, Pracy i Polityki Spo\u0142ecznej [.DOCX]<\/a><\/li>\n<\/ol>\n","protected":false},"excerpt":{"rendered":"<p>Regionalny O\u015brodek Polityki Spo\u0142ecznej w Bia\u0142ymstoku zaprasza do udzia\u0142u w spotkaniu roboczym ROPS i OWES, kt\u00f3re odb\u0119dzie si\u0119 w dniu 12 sierpnia 2025 r. w godz. 9.30 &#8211; 15.30 w siedzibie ROPS w Bia\u0142ymstoku. Spotkanie organizowane jest w zwi\u0105zku z realizacj\u0105 projektu \u201eKoordynacja dzia\u0142a\u0144 w zakresie polityki spo\u0142ecznej w wojew\u00f3dztwie podlaskim\u201d w ramach Dzia\u0142ania 04.13: [&hellip;]<\/p>\n","protected":false},"author":16,"featured_media":0,"comment_status":"closed","ping_status":"closed","sticky":false,"template":"","format":"standard","meta":{"ngg_post_thumbnail":0,"footnotes":""},"categories":[205],"tags":[],"class_list":["post-23989","post","type-post","status-publish","format-standard","hentry","category-aktualnosci_2025"],"_links":{"self":[{"href":"https:\/\/rops-bialystok.pl\/rops\/index.php?rest_route=\/wp\/v2\/posts\/23989","targetHints":{"allow":["GET"]}}],"collection":[{"href":"https:\/\/rops-bialystok.pl\/rops\/index.php?rest_route=\/wp\/v2\/posts"}],"about":[{"href":"https:\/\/rops-bialystok.pl\/rops\/index.php?rest_route=\/wp\/v2\/types\/post"}],"author":[{"embeddable":true,"href":"https:\/\/rops-bialystok.pl\/rops\/index.php?rest_route=\/wp\/v2\/users\/16"}],"replies":[{"embeddable":true,"href":"https:\/\/rops-bialystok.pl\/rops\/index.php?rest_route=%2Fwp%2Fv2%2Fcomments&post=23989"}],"version-history":[{"count":1,"href":"https:\/\/rops-bialystok.pl\/rops\/index.php?rest_route=\/wp\/v2\/posts\/23989\/revisions"}],"predecessor-version":[{"id":23990,"href":"https:\/\/rops-bialystok.pl\/rops\/index.php?rest_route=\/wp\/v2\/posts\/23989\/revisions\/23990"}],"wp:attachment":[{"href":"https:\/\/rops-bialystok.pl\/rops\/index.php?rest_route=%2Fwp%2Fv2%2Fmedia&parent=23989"}],"wp:term":[{"taxonomy":"category","embeddable":true,"href":"https:\/\/rops-bialystok.pl\/rops\/index.php?rest_route=%2Fwp%2Fv2%2Fcategories&post=23989"},{"taxonomy":"post_tag","embeddable":true,"href":"https:\/\/rops-bialystok.pl\/rops\/index.php?rest_route=%2Fwp%2Fv2%2Ftags&post=23989"}],"curies":[{"name":"wp","href":"https:\/\/api.w.org\/{rel}","templated":true}]}}