{"id":24349,"date":"2025-09-30T08:17:06","date_gmt":"2025-09-30T06:17:06","guid":{"rendered":"https:\/\/rops-bialystok.pl\/rops\/?p=24349"},"modified":"2025-10-07T10:02:58","modified_gmt":"2025-10-07T08:02:58","slug":"zaproszenie-na-spotkanie-robocze-w-dn-14-10-2025-r-podlaskich-sieci-wspolpracy-cis-kis","status":"publish","type":"post","link":"https:\/\/rops-bialystok.pl\/rops\/?p=24349","title":{"rendered":"Zaproszenie na spotkanie robocze w dn 14.10.2025 r. Podlaskich Sieci Wsp\u00f3\u0142pracy CIS\/KIS<br\/><span style=color:red;>przed\u0142u\u017cenie terminu rekrutacji do 9.10.2025 r.<\/span>"},"content":{"rendered":"<p><img loading=\"lazy\" decoding=\"async\" class=\"aligncenter wp-image-22052 size-full\" src=\"https:\/\/rops-bialystok.pl\/rops\/wp-content\/uploads\/2024\/03\/KOLOR-FERS-3-scaled.jpg\" alt=\"Trzy logotypy: Funduszu Europejskiego dla Rozwoju Spo\u0142ecznego, Rzeczpospolita Polska oraz Dofinansowane przez Uni\u0119 Europejsk\u0105.\" width=\"2560\" height=\"365\" srcset=\"https:\/\/rops-bialystok.pl\/rops\/wp-content\/uploads\/2024\/03\/KOLOR-FERS-3-scaled.jpg 2560w, https:\/\/rops-bialystok.pl\/rops\/wp-content\/uploads\/2024\/03\/KOLOR-FERS-3-300x43.jpg 300w, https:\/\/rops-bialystok.pl\/rops\/wp-content\/uploads\/2024\/03\/KOLOR-FERS-3-1024x146.jpg 1024w, https:\/\/rops-bialystok.pl\/rops\/wp-content\/uploads\/2024\/03\/KOLOR-FERS-3-768x110.jpg 768w, https:\/\/rops-bialystok.pl\/rops\/wp-content\/uploads\/2024\/03\/KOLOR-FERS-3-1536x219.jpg 1536w, https:\/\/rops-bialystok.pl\/rops\/wp-content\/uploads\/2024\/03\/KOLOR-FERS-3-2048x292.jpg 2048w\" sizes=\"auto, (max-width: 2560px) 100vw, 2560px\" \/><\/p>\n<p style=\"text-align: center;\">Projekt \u201eKoordynacja dzia\u0142a\u0144 w zakresie polityki spo\u0142ecznej w wojew\u00f3dztwie podlaskim\u201d realizowany w ramach<br \/>\nProgramu Fundusze Europejskie dla rozwoju Spo\u0142ecznego 2021-2027 wsp\u00f3\u0142finansowanego ze \u015brodk\u00f3w Europejskiego Funduszu Spo\u0142ecznego Plus<\/p>\n<hr \/>\n<p>Regionalny O\u015brodek Polityki Spo\u0142ecznej w Bia\u0142ymstoku realizuj\u0105cy projekt \u201eKoordynacja dzia\u0142a\u0144 w zakresie polityki spo\u0142ecznej w wojew\u00f3dztwie podlaskim\u201d w ramach Dzia\u0142ania 04.13: Wysokiej jako\u015bci system w\u0142\u0105czenia spo\u0142ecznego, Programu Fundusze Europejskie dla Rozwoju Spo\u0142ecznego 2021-2027 (FERS), wsp\u00f3\u0142finansowanego ze \u015brodk\u00f3w Europejskiego Funduszu Spo\u0142ecznego Plus, w ramach typu projekt\u00f3w pn. Dzia\u0142ania ROPS w zakresie us\u0142ug spo\u0142ecznych, pomocy spo\u0142ecznej, ES i aktywnej integracji, s\u0142u\u017c\u0105ce w\u0142\u0105czeniu spo\u0142ecznemu, realizowane na poziomie wojew\u00f3dzkim <strong>serdecznie zaprasza przedstawicieli centr\u00f3w integracji spo\u0142ecznej (CIS) i klub\u00f3w integracji spo\u0142ecznej (KIS) z terenu wojew\u00f3dztwa podlaskiego do udzia\u0142u w spotkaniu roboczym cz\u0142onk\u00f3w Podlaskiej Sieci Wsp\u00f3\u0142pracy CIS i KIS.<\/strong><\/p>\n<p><strong>&nbsp;&nbsp;&nbsp;&nbsp;&nbsp;&nbsp;&nbsp;&nbsp;&nbsp; <\/strong>Podczas spotkania m. in. zostan\u0105 om\u00f3wione kwestie dotycz\u0105ce wsp\u00f3\u0142pracy CIS\/ KIS z lokalnymi pracodawcami i instytucjami, kwestie dotycz\u0105ce trudnych sytuacji w pracy z uczestnikami, podpisane zostanie porozumienie o wsp\u00f3\u0142pracy, a tak\u017ce om\u00f3wione zostan\u0105 sprawy bie\u017c\u0105ce oraz potrzeby Sieci.<\/p>\n<p>Termin: <strong>14 pa\u017adziernika 2025 r. <span style=\"color: red;\">(przed\u0142u\u017cenie terminu rekrutacji do 9.10.2025 r.)<\/span><br \/>\n<\/strong>Miejsce: <strong>Hotel 3 Trio w Bia\u0142ymstoku, ul. Hurtowa 3.<\/strong><\/p>\n<p>LICZBA MIEJSC JEST OGRANICZONA!!!<\/p>\n<p>&nbsp;&nbsp;&nbsp;&nbsp;&nbsp;&nbsp;&nbsp;&nbsp;&nbsp; Warunkiem uczestnictwa w spotkaniu jest poprawne wype\u0142nienie karty zg\u0142oszeniowej (w za\u0142\u0105czeniu) i przes\u0142anie jej w formie elektronicznej na e-mail: <a href=\"mailto:fers@rops-bialystok.pl\">fers@rops-bialystok.pl<\/a> b\u0105d\u017a dostarczenie osobi\u015bcie lub poczt\u0105 tradycyjn\u0105 na adres ROPS w Bia\u0142ymstoku: ul. gen. George\u2019a Smitha Pattona 8, 15- 688 Bia\u0142ystok <strong>do dnia 06.10.2025 r.<\/strong><\/p>\n<p>W za\u0142\u0105czeniu przekazujemy harmonogram spotkania. Uczestnikom zapewniamy bezp\u0142atny pocz\u0119stunek kawowy, obiad oraz materia\u0142y dydaktyczne. Nie zwracamy koszt\u00f3w dojazdu. Osob\u0105 do kontaktu w przedmiotowej sprawie jest Pani Emilia Faszczewska, tel. 85&nbsp;744 72 75. Serdecznie zapraszamy do udzia\u0142u.<\/p>\n<p>W za\u0142\u0105czeniu:<\/p>\n<ul>\n<li><a href=\"https:\/\/rops-bialystok.pl\/rops\/wp-content\/uploads\/2025\/09\/Karta-zgloszeniowa-1.pdf\">Karta zg\u0142oszeniowa [.PDF]<\/a><\/li>\n<li><a href=\"https:\/\/rops-bialystok.pl\/rops\/wp-content\/uploads\/2025\/09\/Karta-zgloszeniowa-1.docx\">Karta zg\u0142oszeniowa [.DOCX]<\/a><\/li>\n<li><a href=\"https:\/\/rops-bialystok.pl\/rops\/wp-content\/uploads\/2025\/09\/harmonogram-14.10.pdf\">Harmonogram szkolenia [.PDF]<\/a><\/li>\n<li><a href=\"https:\/\/rops-bialystok.pl\/rops\/wp-content\/uploads\/2025\/09\/harmonogram-14.10.2025.docx\">Harmonogram szkolenia [.DOCX]<\/a><\/li>\n<li><a href=\"https:\/\/rops-bialystok.pl\/rops\/wp-content\/uploads\/2025\/09\/klauzula-informacyjna-ROPS-w-Bialymstoku-oraz-klauzula-informacyjna-Ministra-wlasciwego-do-spraw-rozwoju-regionalnego-oraz-Ministra-Rodziny-Pra-1.pdf\">Klauzula informacyjna ROPS w Bia\u0142ymstoku oraz Klauzula informacyjna Ministra w\u0142a\u015bciwego do spraw rozwoju regionalnego oraz Ministra Rodziny, Pracy i Polityki Spo\u0142ecznej [.PDF]<\/a><\/li>\n<li><a href=\"https:\/\/rops-bialystok.pl\/rops\/wp-content\/uploads\/2025\/09\/klauzula-informacyjna-ROPS-w-Bialymstoku-oraz-klauzula-informacyjna-Ministra-wlasciwego-do-spraw-rozwoju-regionalnego-oraz-Ministra-Rodziny-Pracy-i-Polityki-Spolecznej-1.docx\">Klauzula informacyjna ROPS w Bia\u0142ymstoku oraz Klauzula informacyjna Ministra w\u0142a\u015bciwego do spraw rozwoju regionalnego oraz Ministra Rodziny, Pracy i Polityki Spo\u0142ecznej [.DOCX]<\/a><\/li>\n<li><a href=\"https:\/\/rops-bialystok.pl\/rops\/wp-content\/uploads\/2025\/09\/zaproszenie-2.pdf\">Zaproszenie [.PDF]<\/a><\/li>\n<li><a href=\"https:\/\/rops-bialystok.pl\/rops\/wp-content\/uploads\/2025\/09\/zaproszenie-3.docx\">Zaproszenie [.DOCX]<\/a><\/li>\n<li><a href=\"https:\/\/rops-bialystok.pl\/rops\/wp-content\/uploads\/2025\/09\/Mapa-dojazdu-1.pdf\">Mapa dojazdu [.DOCX]<\/a><\/li>\n<\/ul>\n","protected":false},"excerpt":{"rendered":"<p>Projekt \u201eKoordynacja dzia\u0142a\u0144 w zakresie polityki spo\u0142ecznej w wojew\u00f3dztwie podlaskim\u201d realizowany w ramach Programu Fundusze Europejskie dla rozwoju Spo\u0142ecznego 2021-2027 wsp\u00f3\u0142finansowanego ze \u015brodk\u00f3w Europejskiego Funduszu Spo\u0142ecznego Plus Regionalny O\u015brodek Polityki Spo\u0142ecznej w Bia\u0142ymstoku realizuj\u0105cy projekt \u201eKoordynacja dzia\u0142a\u0144 w zakresie polityki spo\u0142ecznej w wojew\u00f3dztwie podlaskim\u201d w ramach Dzia\u0142ania 04.13: Wysokiej jako\u015bci system w\u0142\u0105czenia spo\u0142ecznego, Programu Fundusze [&hellip;]<\/p>\n","protected":false},"author":15,"featured_media":0,"comment_status":"closed","ping_status":"closed","sticky":false,"template":"","format":"standard","meta":{"ngg_post_thumbnail":0,"footnotes":""},"categories":[205],"tags":[],"class_list":["post-24349","post","type-post","status-publish","format-standard","hentry","category-aktualnosci_2025"],"_links":{"self":[{"href":"https:\/\/rops-bialystok.pl\/rops\/index.php?rest_route=\/wp\/v2\/posts\/24349","targetHints":{"allow":["GET"]}}],"collection":[{"href":"https:\/\/rops-bialystok.pl\/rops\/index.php?rest_route=\/wp\/v2\/posts"}],"about":[{"href":"https:\/\/rops-bialystok.pl\/rops\/index.php?rest_route=\/wp\/v2\/types\/post"}],"author":[{"embeddable":true,"href":"https:\/\/rops-bialystok.pl\/rops\/index.php?rest_route=\/wp\/v2\/users\/15"}],"replies":[{"embeddable":true,"href":"https:\/\/rops-bialystok.pl\/rops\/index.php?rest_route=%2Fwp%2Fv2%2Fcomments&post=24349"}],"version-history":[{"count":8,"href":"https:\/\/rops-bialystok.pl\/rops\/index.php?rest_route=\/wp\/v2\/posts\/24349\/revisions"}],"predecessor-version":[{"id":24442,"href":"https:\/\/rops-bialystok.pl\/rops\/index.php?rest_route=\/wp\/v2\/posts\/24349\/revisions\/24442"}],"wp:attachment":[{"href":"https:\/\/rops-bialystok.pl\/rops\/index.php?rest_route=%2Fwp%2Fv2%2Fmedia&parent=24349"}],"wp:term":[{"taxonomy":"category","embeddable":true,"href":"https:\/\/rops-bialystok.pl\/rops\/index.php?rest_route=%2Fwp%2Fv2%2Fcategories&post=24349"},{"taxonomy":"post_tag","embeddable":true,"href":"https:\/\/rops-bialystok.pl\/rops\/index.php?rest_route=%2Fwp%2Fv2%2Ftags&post=24349"}],"curies":[{"name":"wp","href":"https:\/\/api.w.org\/{rel}","templated":true}]}}