{"id":25221,"date":"2026-04-24T09:59:21","date_gmt":"2026-04-24T07:59:21","guid":{"rendered":"https:\/\/rops-bialystok.pl\/rops\/?p=25221"},"modified":"2026-04-24T10:55:47","modified_gmt":"2026-04-24T08:55:47","slug":"konferencja-1000-pierwszych-dni-o-istocie-relacji-w-zyciu-malego-dziecka","status":"publish","type":"post","link":"https:\/\/rops-bialystok.pl\/rops\/?p=25221","title":{"rendered":"Konferencja \u201e1000 pierwszych dni &#8211; o istocie relacji w \u017cyciu ma\u0142ego dziecka\u201d"},"content":{"rendered":"<p>Regionalny O\u015brodek Polityki Spo\u0142ecznej w Bia\u0142ymstoku dostrzegaj\u0105c rang\u0119 tematu wczesnych relacji rodzic-dziecko w\u0142\u0105czy\u0142 si\u0119 w organizacj\u0119 wojew\u00f3dzkiej konferencji pn. \u201e1000 pierwszych dni \u2013 o istocie relacji w \u017cyciu ma\u0142ego dziecka\u201d. Zaproszeni prelegenci dziel\u0105c si\u0119 swoim do\u015bwiadczeniem zawodowym oraz dorobkiem naukowym opowiedzieli m.in. o neurobiologicznych podstawach przywi\u0105zania, skali PTSD w\u015br\u00f3d m\u0142odych matek, a tak\u017ce po\u0142o\u017cnych przyjmuj\u0105cych porody, rozwoju seksualnym dzieci, znaczeniu grup wsparcia dla m\u0142odych matek, terapeutycznym wspieraniu rodzin i pracy nad budowaniem wi\u0119zi rodzinnych, a tak\u017ce o karmieniu w uj\u0119ciu relacyjnym. Nie zabrak\u0142o przestrzeni do dyskusji oraz zadawania pyta\u0144 prelegentom.<\/p>\n\t\t\t\t\t\t<div class=\"gallery_box_single\">\n\t\t\t\t\t\t\t\t\t\t\t\t\t\t\t<div class=\"gallery gllr_grid\" data-gllr-columns=\"4\" data-gllr-border-width=\"10\">\n\t\t\t\t\t\t\t\t\t\t\t\t\t\t\t\t\t\t\t\t<div class=\"gllr_image_row\">\n\t\t\t\t\t\t\t\t\t\t\t\t\t\t\t\t\t\t\t\t\t<div class=\"gllr_image_block\">\n\t\t\t\t\t\t\t\t\t\t\t\t<p style=\"\n\t\t\t\t\t\t\t\t\t\t\t\twidth:180px;height:140px;\t\t\t\t\t\t\t\t\t\t\t\t\">\n\t\t\t\t\t\t\t\t\t\t\t\t\t\t\t\t\t\t\t\t\t\t\t\t\t\t\t\t<a data-fancybox=\"gallery_fancybox_25223\" href=\"https:\/\/rops-bialystok.pl\/rops\/wp-content\/uploads\/2026\/04\/DSF5707-1024x683.jpg\" title=\"\" >\n\t\t\t\t\t\t\t\t\t\t\t\t\t\t\t\t<img decoding=\"async\" width=&quot;160&quot; height=&quot;120&quot; style=\"width:160px; height:120px; border-width: 10px; border-color:#f1f1f1;border: 10px solid #f1f1f1\" alt=\"\" title=\"\" src=\"https:\/\/rops-bialystok.pl\/rops\/wp-content\/uploads\/2026\/04\/DSF5707-160x120.jpg\" rel=\"https:\/\/rops-bialystok.pl\/rops\/wp-content\/uploads\/2026\/04\/DSF5707.jpg\" \/>\t\t\t\t\t\t\t\t\t\t\t\t\t\t\t<\/a>\n\t\t\t\t\t\t\t\t\t\t\t\t\t\t\t\t\t\t\t\t\t\t\t\t\t\t<\/p>\n\t\t\t\t\t\t\t\t\t\t\t\t\t\t\t\t\t\t\t\t\t\t\t\t\t<div \n\t\t\t\t\t\t\t\t\t\t\t\t\tstyle=\"width:180px;\"\t\t\t\t\t\t\t\t\t\t\t\t\tclass=\"gllr_single_image_text gllr_single_image_text_under\">&nbsp;<\/div>\n\t\t\t\t\t\t\t\t\t\t\t\t\t\t\t\t\t\t\t\t\t\t\t<\/div><!-- .gllr_image_block -->\n\t\t\t\t\t\t\t\t\t\t\t\t\t\t\t\t\t\t\t\t\t<div class=\"gllr_image_block\">\n\t\t\t\t\t\t\t\t\t\t\t\t<p style=\"\n\t\t\t\t\t\t\t\t\t\t\t\twidth:180px;height:140px;\t\t\t\t\t\t\t\t\t\t\t\t\">\n\t\t\t\t\t\t\t\t\t\t\t\t\t\t\t\t\t\t\t\t\t\t\t\t\t\t\t\t<a data-fancybox=\"gallery_fancybox_25223\" href=\"https:\/\/rops-bialystok.pl\/rops\/wp-content\/uploads\/2026\/04\/DSF5526-1024x683.jpg\" title=\"\" >\n\t\t\t\t\t\t\t\t\t\t\t\t\t\t\t\t<img decoding=\"async\" width=&quot;160&quot; height=&quot;120&quot; style=\"width:160px; height:120px; border-width: 10px; border-color:#f1f1f1;border: 10px solid #f1f1f1\" alt=\"uj\u0119cie z innej perspektywy na uczestnik\u00f3w i prowadz\u0105c\u0105 w auli Wydzia\u0142u Nauk o Edukacji Uniwersytetu w Bia\u0142ymstoku\" title=\"\" src=\"https:\/\/rops-bialystok.pl\/rops\/wp-content\/uploads\/2026\/04\/DSF5526-160x120.jpg\" rel=\"https:\/\/rops-bialystok.pl\/rops\/wp-content\/uploads\/2026\/04\/DSF5526.jpg\" \/>\t\t\t\t\t\t\t\t\t\t\t\t\t\t\t<\/a>\n\t\t\t\t\t\t\t\t\t\t\t\t\t\t\t\t\t\t\t\t\t\t\t\t\t\t<\/p>\n\t\t\t\t\t\t\t\t\t\t\t\t\t\t\t\t\t\t\t\t\t\t\t\t\t<div \n\t\t\t\t\t\t\t\t\t\t\t\t\tstyle=\"width:180px;\"\t\t\t\t\t\t\t\t\t\t\t\t\tclass=\"gllr_single_image_text gllr_single_image_text_under\">&nbsp;<\/div>\n\t\t\t\t\t\t\t\t\t\t\t\t\t\t\t\t\t\t\t\t\t\t\t<\/div><!-- .gllr_image_block -->\n\t\t\t\t\t\t\t\t\t\t\t\t\t\t\t\t\t\t\t\t\t<div class=\"gllr_image_block\">\n\t\t\t\t\t\t\t\t\t\t\t\t<p style=\"\n\t\t\t\t\t\t\t\t\t\t\t\twidth:180px;height:140px;\t\t\t\t\t\t\t\t\t\t\t\t\">\n\t\t\t\t\t\t\t\t\t\t\t\t\t\t\t\t\t\t\t\t\t\t\t\t\t\t\t\t<a data-fancybox=\"gallery_fancybox_25223\" href=\"https:\/\/rops-bialystok.pl\/rops\/wp-content\/uploads\/2026\/04\/DSF5709-1024x683.jpg\" title=\"\" >\n\t\t\t\t\t\t\t\t\t\t\t\t\t\t\t\t<img decoding=\"async\" width=&quot;160&quot; height=&quot;120&quot; style=\"width:160px; height:120px; border-width: 10px; border-color:#f1f1f1;border: 10px solid #f1f1f1\" alt=\"Szerokie uj\u0119cie na uczestnik\u00f3w i prowadz\u0105c\u0105 na auli w tle du\u017cy telebim z omawianymi &quot;Przydatnymi narz\u0119dziami&quot;\" title=\"\" src=\"https:\/\/rops-bialystok.pl\/rops\/wp-content\/uploads\/2026\/04\/DSF5709-160x120.jpg\" rel=\"https:\/\/rops-bialystok.pl\/rops\/wp-content\/uploads\/2026\/04\/DSF5709.jpg\" \/>\t\t\t\t\t\t\t\t\t\t\t\t\t\t\t<\/a>\n\t\t\t\t\t\t\t\t\t\t\t\t\t\t\t\t\t\t\t\t\t\t\t\t\t\t<\/p>\n\t\t\t\t\t\t\t\t\t\t\t\t\t\t\t\t\t\t\t\t\t\t\t\t\t<div \n\t\t\t\t\t\t\t\t\t\t\t\t\tstyle=\"width:180px;\"\t\t\t\t\t\t\t\t\t\t\t\t\tclass=\"gllr_single_image_text gllr_single_image_text_under\">&nbsp;<\/div>\n\t\t\t\t\t\t\t\t\t\t\t\t\t\t\t\t\t\t\t\t\t\t\t<\/div><!-- .gllr_image_block -->\n\t\t\t\t\t\t\t\t\t\t\t\t\t\t\t\t\t\t\t\t\t<div class=\"gllr_image_block\">\n\t\t\t\t\t\t\t\t\t\t\t\t<p style=\"\n\t\t\t\t\t\t\t\t\t\t\t\twidth:180px;height:140px;\t\t\t\t\t\t\t\t\t\t\t\t\">\n\t\t\t\t\t\t\t\t\t\t\t\t\t\t\t\t\t\t\t\t\t\t\t\t\t\t\t\t<a data-fancybox=\"gallery_fancybox_25223\" href=\"https:\/\/rops-bialystok.pl\/rops\/wp-content\/uploads\/2026\/04\/DSF5572-1024x683.jpg\" title=\"\" >\n\t\t\t\t\t\t\t\t\t\t\t\t\t\t\t\t<img decoding=\"async\" width=&quot;160&quot; height=&quot;120&quot; style=\"width:160px; height:120px; border-width: 10px; border-color:#f1f1f1;border: 10px solid #f1f1f1\" alt=\"Przemawia Dyrektor Regionalnego O\u015brodka Polityki Spo\u0142ecznej w Bia\u0142ymstoku Bo\u017cena Tomaszewska\" title=\"\" src=\"https:\/\/rops-bialystok.pl\/rops\/wp-content\/uploads\/2026\/04\/DSF5572-160x120.jpg\" rel=\"https:\/\/rops-bialystok.pl\/rops\/wp-content\/uploads\/2026\/04\/DSF5572.jpg\" \/>\t\t\t\t\t\t\t\t\t\t\t\t\t\t\t<\/a>\n\t\t\t\t\t\t\t\t\t\t\t\t\t\t\t\t\t\t\t\t\t\t\t\t\t\t<\/p>\n\t\t\t\t\t\t\t\t\t\t\t\t\t\t\t\t\t\t\t\t\t\t\t\t\t<div \n\t\t\t\t\t\t\t\t\t\t\t\t\tstyle=\"width:180px;\"\t\t\t\t\t\t\t\t\t\t\t\t\tclass=\"gllr_single_image_text gllr_single_image_text_under\">&nbsp;<\/div>\n\t\t\t\t\t\t\t\t\t\t\t\t\t\t\t\t\t\t\t\t\t\t\t<\/div><!-- .gllr_image_block -->\n\t\t\t\t\t\t\t\t\t\t\t\t\t\t\t\t\t\t\t\t\t<\/div><!-- .gllr_image_row -->\n\t\t\t\t\t\t\t\t\t\t\t\t\t\t\t\t\t\t\t<\/div><!-- .gallery.clearfix -->\n\t\t\t\t\t\t\t\t\t\t\t\t\t\t<\/div><!-- .gallery_box_single -->\n\t\t\t\t\t\t<div class=\"gllr_clear\"><\/div>\n\t\t\t\t\t\t\n","protected":false},"excerpt":{"rendered":"<p>Regionalny O\u015brodek Polityki Spo\u0142ecznej w Bia\u0142ymstoku dostrzegaj\u0105c rang\u0119 tematu wczesnych relacji rodzic-dziecko w\u0142\u0105czy\u0142 si\u0119 w organizacj\u0119 wojew\u00f3dzkiej konferencji pn. \u201e1000 pierwszych dni \u2013 o istocie relacji w \u017cyciu ma\u0142ego dziecka\u201d. Zaproszeni prelegenci dziel\u0105c si\u0119 swoim do\u015bwiadczeniem zawodowym oraz dorobkiem naukowym opowiedzieli m.in. o neurobiologicznych podstawach przywi\u0105zania, skali PTSD w\u015br\u00f3d m\u0142odych matek, a tak\u017ce po\u0142o\u017cnych przyjmuj\u0105cych [&hellip;]<\/p>\n","protected":false},"author":15,"featured_media":0,"comment_status":"closed","ping_status":"closed","sticky":false,"template":"","format":"standard","meta":{"ngg_post_thumbnail":0,"footnotes":""},"categories":[205],"tags":[],"class_list":["post-25221","post","type-post","status-publish","format-standard","hentry","category-aktualnosci_2025"],"_links":{"self":[{"href":"https:\/\/rops-bialystok.pl\/rops\/index.php?rest_route=\/wp\/v2\/posts\/25221","targetHints":{"allow":["GET"]}}],"collection":[{"href":"https:\/\/rops-bialystok.pl\/rops\/index.php?rest_route=\/wp\/v2\/posts"}],"about":[{"href":"https:\/\/rops-bialystok.pl\/rops\/index.php?rest_route=\/wp\/v2\/types\/post"}],"author":[{"embeddable":true,"href":"https:\/\/rops-bialystok.pl\/rops\/index.php?rest_route=\/wp\/v2\/users\/15"}],"replies":[{"embeddable":true,"href":"https:\/\/rops-bialystok.pl\/rops\/index.php?rest_route=%2Fwp%2Fv2%2Fcomments&post=25221"}],"version-history":[{"count":4,"href":"https:\/\/rops-bialystok.pl\/rops\/index.php?rest_route=\/wp\/v2\/posts\/25221\/revisions"}],"predecessor-version":[{"id":25232,"href":"https:\/\/rops-bialystok.pl\/rops\/index.php?rest_route=\/wp\/v2\/posts\/25221\/revisions\/25232"}],"wp:attachment":[{"href":"https:\/\/rops-bialystok.pl\/rops\/index.php?rest_route=%2Fwp%2Fv2%2Fmedia&parent=25221"}],"wp:term":[{"taxonomy":"category","embeddable":true,"href":"https:\/\/rops-bialystok.pl\/rops\/index.php?rest_route=%2Fwp%2Fv2%2Fcategories&post=25221"},{"taxonomy":"post_tag","embeddable":true,"href":"https:\/\/rops-bialystok.pl\/rops\/index.php?rest_route=%2Fwp%2Fv2%2Ftags&post=25221"}],"curies":[{"name":"wp","href":"https:\/\/api.w.org\/{rel}","templated":true}]}}