{"id":25234,"date":"2026-04-24T13:29:08","date_gmt":"2026-04-24T11:29:08","guid":{"rendered":"https:\/\/rops-bialystok.pl\/rops\/?p=25234"},"modified":"2026-04-24T13:43:02","modified_gmt":"2026-04-24T11:43:02","slug":"konferencja-bezpieczne-starzenie-2","status":"publish","type":"post","link":"https:\/\/rops-bialystok.pl\/rops\/?p=25234","title":{"rendered":"Konferencja \u201eBezpieczne starzenie\u201d."},"content":{"rendered":"<p>Dnia 23 kwietnia 2026r. Regionalny O\u015brodek Polityki&nbsp; Spo\u0142ecznej zorganizowa\u0142 konferencj\u0119<br \/>\npn. \u201eBezpieczne Starzenie\u201d. Program konferencji powsta\u0142 w nawi\u0105zaniu do Krajowego Programu Dzia\u0142a\u0144 Wobec Chor\u00f3b Ot\u0119piennych, kt\u00f3ry ma na celu zwi\u0119kszenie jako\u015bci \u017cycia os\u00f3b chorych oraz wsparcie opiekun\u00f3w.<\/p>\n<p>Spotkanie otworzy\u0142a <strong>Pani&nbsp;<\/strong><strong>B<\/strong><strong>o\u017cena Tomaszewska<\/strong>&nbsp;\u2013 Dyrektor Regionalnego O\u015brodka Polityki Spo\u0142ecznej w Bia\u0142ymstoku, kt\u00f3ra powita\u0142a przyby\u0142ych go\u015bci.<\/p>\n<p>Cz\u0119\u015b\u0107 merytoryczn\u0105 spotkania rozpocz\u0119\u0142a <strong>Pani Profesor Barbara Bie\u0144<\/strong>, Doktor Habilitowana Nauka Medycznych oraz Konsultant ds. Geriatrii. Specjalistka skupi\u0142a si\u0119 na ciemnych stronach ot\u0119pienia, kt\u00f3re stanowi\u0105 trudno\u015bci w codziennym funkcjonowaniu, zmiany emocjonalne oraz wyzwania<br \/>\nz opiek\u0105 nad osobami dotkni\u0119tymi tymi schorzeniami.<\/p>\n<p>Drugim specjalist\u0105 by\u0142a <strong>Pani Iwona Rogowska<\/strong>, specjalistka z Pa\u0144stwowego Funduszu Rehabilitacji Os\u00f3b Niepe\u0142nosprawnych, kt\u00f3ra przedstawi\u0142a systemowe wsparcie dla os\u00f3b z zaburzeniami poznawczymi, w tym rol\u0119 Pa\u0144stwowego Funduszu Rehabilitacji Os\u00f3b Niepe\u0142nosprawnych. Om\u00f3wi\u0142a dost\u0119pne programy oraz formy pomocy, kt\u00f3re maj\u0105 na celu popraw\u0119 jako\u015bci \u017cycia os\u00f3b z problemami poznawczymi.<\/p>\n<p>Kolejne wyst\u0105pienie dotyczy\u0142o postawy wobec os\u00f3b z trudno\u015bciami poznawczymi. <strong>Pani Aleksandra Antoniuk<\/strong>, Starsza Specjalistka Centrum Projekt\u00f3w Spo\u0142ecznych z Biura Rzecznika Praw Obywatelskich podkre\u015bli\u0142a znaczenie empatii, zrozumienia i wsparcia w codziennym \u017cyciu tych os\u00f3b.<\/p>\n<p>Nast\u0119pnie g\u0142os zabra\u0142a <strong>asp. szt. Katarzyna Molska- Zarzecka<\/strong> z Komendy Wojew\u00f3dzkiej Policji<br \/>\nw Bia\u0142ymstoku, kt\u00f3ra skupi\u0142a si\u0119 na zagadnieniu zagini\u0119\u0107 senior\u00f3w i podkre\u015bli\u0142a znaczenie szybkiej reakcji oraz wsp\u00f3lnej odpowiedzialno\u015bci. Przedstawi\u0142a procedury, kt\u00f3re pomagaj\u0105 w szybkim odnalezieniu zaginionych, oraz spos\u00f3b w jaki spo\u0142eczno\u015b\u0107 lokalna mo\u017ce wspiera\u0107 takie dzia\u0142ania.<\/p>\n<p>Konferencj\u0119 zako\u0144czy\u0142 wyst\u0119p Pani <strong>Katarzyny \u017bukowskiej- Koc,<\/strong> dyrektor Centrum Us\u0142ug Spo\u0142ecznych w \u0141apach. Specjalistka podzieli\u0142a si\u0119 do\u015bwiadczeniami z Centrum Us\u0142ug Spo\u0142ecznych w \u0141apach, pokazuj\u0105c jak w praktyce funkcjonuj\u0105 us\u0142ugi spo\u0142eczne dla senior\u00f3w. Przedstawi\u0142a przyk\u0142ady dobrych praktyk oraz innowacyjne podej\u015bcia do wsparcia os\u00f3b starszych ich codziennym \u017cyciu.<\/p>\n<p>Konferencja \u201eBezpieczne Starzenie\u201d przynios\u0142a cenne uwagi oraz inspiracj\u0119 dla uczestnik\u00f3w do dalszego pog\u0142\u0119biania tematu. Dzi\u0119ki r\u00f3\u017cnorodnym prezentacjom uda\u0142o si\u0119 podkre\u015bli\u0107 znaczenie zrozumienia i wsparcia dla os\u00f3b z chorobami ot\u0119piennymi oraz ich opiekun\u00f3w.<\/p>\n<p><a href=\"https:\/\/bialystok.tvp.pl\/680025\/obiektyw\">Link do relacji z konferencji w regionalnym programie informacyjnym &#8222;OBIEKTYW&#8221;<\/a><\/p>\n\t\t\t\t\t\t<div class=\"gallery_box_single\">\n\t\t\t\t\t\t\t\t\t\t\t\t\t\t\t<div class=\"gallery gllr_grid\" data-gllr-columns=\"4\" data-gllr-border-width=\"10\">\n\t\t\t\t\t\t\t\t\t\t\t\t\t\t\t\t\t\t\t\t<div class=\"gllr_image_row\">\n\t\t\t\t\t\t\t\t\t\t\t\t\t\t\t\t\t\t\t\t\t<div class=\"gllr_image_block\">\n\t\t\t\t\t\t\t\t\t\t\t\t<p style=\"\n\t\t\t\t\t\t\t\t\t\t\t\twidth:180px;height:140px;\t\t\t\t\t\t\t\t\t\t\t\t\">\n\t\t\t\t\t\t\t\t\t\t\t\t\t\t\t\t\t\t\t\t\t\t\t\t\t\t\t\t<a data-fancybox=\"gallery_fancybox_25235\" href=\"https:\/\/rops-bialystok.pl\/rops\/wp-content\/uploads\/2026\/04\/prof_Barbara-Bien-1024x577.jpeg\" title=\"\" >\n\t\t\t\t\t\t\t\t\t\t\t\t\t\t\t\t<img decoding=\"async\" width=&quot;160&quot; height=&quot;120&quot; style=\"width:160px; height:120px; border-width: 10px; border-color:#f1f1f1;border: 10px solid #f1f1f1\" alt=\"\" title=\"\" src=\"https:\/\/rops-bialystok.pl\/rops\/wp-content\/uploads\/2026\/04\/prof_Barbara-Bien-160x120.jpeg\" rel=\"https:\/\/rops-bialystok.pl\/rops\/wp-content\/uploads\/2026\/04\/prof_Barbara-Bien-scaled.jpeg\" \/>\t\t\t\t\t\t\t\t\t\t\t\t\t\t\t<\/a>\n\t\t\t\t\t\t\t\t\t\t\t\t\t\t\t\t\t\t\t\t\t\t\t\t\t\t<\/p>\n\t\t\t\t\t\t\t\t\t\t\t\t\t\t\t\t\t\t\t\t\t\t\t\t\t<div \n\t\t\t\t\t\t\t\t\t\t\t\t\tstyle=\"width:180px;\"\t\t\t\t\t\t\t\t\t\t\t\t\tclass=\"gllr_single_image_text gllr_single_image_text_under\">&nbsp;<\/div>\n\t\t\t\t\t\t\t\t\t\t\t\t\t\t\t\t\t\t\t\t\t\t\t<\/div><!-- .gllr_image_block -->\n\t\t\t\t\t\t\t\t\t\t\t\t\t\t\t\t\t\t\t\t\t<div class=\"gllr_image_block\">\n\t\t\t\t\t\t\t\t\t\t\t\t<p style=\"\n\t\t\t\t\t\t\t\t\t\t\t\twidth:180px;height:140px;\t\t\t\t\t\t\t\t\t\t\t\t\">\n\t\t\t\t\t\t\t\t\t\t\t\t\t\t\t\t\t\t\t\t\t\t\t\t\t\t\t\t<a data-fancybox=\"gallery_fancybox_25235\" href=\"https:\/\/rops-bialystok.pl\/rops\/wp-content\/uploads\/2026\/04\/konferencja-Dyr_Bozena-Tomaszewska-768x1024.jpeg\" title=\"\" >\n\t\t\t\t\t\t\t\t\t\t\t\t\t\t\t\t<img decoding=\"async\" width=&quot;160&quot; height=&quot;120&quot; style=\"width:160px; height:120px; border-width: 10px; border-color:#f1f1f1;border: 10px solid #f1f1f1\" alt=\"\" title=\"\" src=\"https:\/\/rops-bialystok.pl\/rops\/wp-content\/uploads\/2026\/04\/konferencja-Dyr_Bozena-Tomaszewska-160x120.jpeg\" rel=\"https:\/\/rops-bialystok.pl\/rops\/wp-content\/uploads\/2026\/04\/konferencja-Dyr_Bozena-Tomaszewska-scaled.jpeg\" \/>\t\t\t\t\t\t\t\t\t\t\t\t\t\t\t<\/a>\n\t\t\t\t\t\t\t\t\t\t\t\t\t\t\t\t\t\t\t\t\t\t\t\t\t\t<\/p>\n\t\t\t\t\t\t\t\t\t\t\t\t\t\t\t\t\t\t\t\t\t\t\t\t\t<div \n\t\t\t\t\t\t\t\t\t\t\t\t\tstyle=\"width:180px;\"\t\t\t\t\t\t\t\t\t\t\t\t\tclass=\"gllr_single_image_text gllr_single_image_text_under\">&nbsp;<\/div>\n\t\t\t\t\t\t\t\t\t\t\t\t\t\t\t\t\t\t\t\t\t\t\t<\/div><!-- .gllr_image_block -->\n\t\t\t\t\t\t\t\t\t\t\t\t\t\t\t\t\t\t\t\t\t<div class=\"gllr_image_block\">\n\t\t\t\t\t\t\t\t\t\t\t\t<p style=\"\n\t\t\t\t\t\t\t\t\t\t\t\twidth:180px;height:140px;\t\t\t\t\t\t\t\t\t\t\t\t\">\n\t\t\t\t\t\t\t\t\t\t\t\t\t\t\t\t\t\t\t\t\t\t\t\t\t\t\t\t<a data-fancybox=\"gallery_fancybox_25235\" href=\"https:\/\/rops-bialystok.pl\/rops\/wp-content\/uploads\/2026\/04\/asp_szt_Katarzyna-Molska-Zarzecka-1024x577.jpeg\" title=\"\" >\n\t\t\t\t\t\t\t\t\t\t\t\t\t\t\t\t<img decoding=\"async\" width=&quot;160&quot; height=&quot;120&quot; style=\"width:160px; height:120px; border-width: 10px; border-color:#f1f1f1;border: 10px solid #f1f1f1\" alt=\"\" title=\"\" src=\"https:\/\/rops-bialystok.pl\/rops\/wp-content\/uploads\/2026\/04\/asp_szt_Katarzyna-Molska-Zarzecka-160x120.jpeg\" rel=\"https:\/\/rops-bialystok.pl\/rops\/wp-content\/uploads\/2026\/04\/asp_szt_Katarzyna-Molska-Zarzecka-scaled.jpeg\" \/>\t\t\t\t\t\t\t\t\t\t\t\t\t\t\t<\/a>\n\t\t\t\t\t\t\t\t\t\t\t\t\t\t\t\t\t\t\t\t\t\t\t\t\t\t<\/p>\n\t\t\t\t\t\t\t\t\t\t\t\t\t\t\t\t\t\t\t\t\t\t\t\t\t<div \n\t\t\t\t\t\t\t\t\t\t\t\t\tstyle=\"width:180px;\"\t\t\t\t\t\t\t\t\t\t\t\t\tclass=\"gllr_single_image_text gllr_single_image_text_under\">&nbsp;<\/div>\n\t\t\t\t\t\t\t\t\t\t\t\t\t\t\t\t\t\t\t\t\t\t\t<\/div><!-- .gllr_image_block -->\n\t\t\t\t\t\t\t\t\t\t\t\t\t\t\t\t\t\t\t\t\t<div class=\"gllr_image_block\">\n\t\t\t\t\t\t\t\t\t\t\t\t<p style=\"\n\t\t\t\t\t\t\t\t\t\t\t\twidth:180px;height:140px;\t\t\t\t\t\t\t\t\t\t\t\t\">\n\t\t\t\t\t\t\t\t\t\t\t\t\t\t\t\t\t\t\t\t\t\t\t\t\t\t\t\t<a data-fancybox=\"gallery_fancybox_25235\" href=\"https:\/\/rops-bialystok.pl\/rops\/wp-content\/uploads\/2026\/04\/Konferencja-Bezpieczne-Starzenie-1024x588.jpg\" title=\"\" >\n\t\t\t\t\t\t\t\t\t\t\t\t\t\t\t\t<img decoding=\"async\" width=&quot;160&quot; height=&quot;120&quot; style=\"width:160px; height:120px; border-width: 10px; border-color:#f1f1f1;border: 10px solid #f1f1f1\" alt=\"\" title=\"\" src=\"https:\/\/rops-bialystok.pl\/rops\/wp-content\/uploads\/2026\/04\/Konferencja-Bezpieczne-Starzenie-160x120.jpg\" rel=\"https:\/\/rops-bialystok.pl\/rops\/wp-content\/uploads\/2026\/04\/Konferencja-Bezpieczne-Starzenie.jpg\" \/>\t\t\t\t\t\t\t\t\t\t\t\t\t\t\t<\/a>\n\t\t\t\t\t\t\t\t\t\t\t\t\t\t\t\t\t\t\t\t\t\t\t\t\t\t<\/p>\n\t\t\t\t\t\t\t\t\t\t\t\t\t\t\t\t\t\t\t\t\t\t\t\t\t<div \n\t\t\t\t\t\t\t\t\t\t\t\t\tstyle=\"width:180px;\"\t\t\t\t\t\t\t\t\t\t\t\t\tclass=\"gllr_single_image_text gllr_single_image_text_under\">&nbsp;<\/div>\n\t\t\t\t\t\t\t\t\t\t\t\t\t\t\t\t\t\t\t\t\t\t\t<\/div><!-- .gllr_image_block -->\n\t\t\t\t\t\t\t\t\t\t\t\t\t\t\t\t\t\t\t\t\t<\/div><!-- .gllr_image_row -->\n\t\t\t\t\t\t\t\t\t\t\t\t\t\t\t\t\t\t\t<\/div><!-- .gallery.clearfix -->\n\t\t\t\t\t\t\t\t\t\t\t\t\t\t<\/div><!-- .gallery_box_single -->\n\t\t\t\t\t\t<div class=\"gllr_clear\"><\/div>\n\t\t\t\t\t\t\n","protected":false},"excerpt":{"rendered":"<p>Dnia 23 kwietnia 2026r. Regionalny O\u015brodek Polityki&nbsp; Spo\u0142ecznej zorganizowa\u0142 konferencj\u0119 pn. \u201eBezpieczne Starzenie\u201d. Program konferencji powsta\u0142 w nawi\u0105zaniu do Krajowego Programu Dzia\u0142a\u0144 Wobec Chor\u00f3b Ot\u0119piennych, kt\u00f3ry ma na celu zwi\u0119kszenie jako\u015bci \u017cycia os\u00f3b chorych oraz wsparcie opiekun\u00f3w. Spotkanie otworzy\u0142a Pani&nbsp;Bo\u017cena Tomaszewska&nbsp;\u2013 Dyrektor Regionalnego O\u015brodka Polityki Spo\u0142ecznej w Bia\u0142ymstoku, kt\u00f3ra powita\u0142a przyby\u0142ych go\u015bci. Cz\u0119\u015b\u0107 merytoryczn\u0105 spotkania [&hellip;]<\/p>\n","protected":false},"author":15,"featured_media":0,"comment_status":"closed","ping_status":"closed","sticky":false,"template":"","format":"standard","meta":{"ngg_post_thumbnail":0,"footnotes":""},"categories":[205],"tags":[],"class_list":["post-25234","post","type-post","status-publish","format-standard","hentry","category-aktualnosci_2025"],"_links":{"self":[{"href":"https:\/\/rops-bialystok.pl\/rops\/index.php?rest_route=\/wp\/v2\/posts\/25234","targetHints":{"allow":["GET"]}}],"collection":[{"href":"https:\/\/rops-bialystok.pl\/rops\/index.php?rest_route=\/wp\/v2\/posts"}],"about":[{"href":"https:\/\/rops-bialystok.pl\/rops\/index.php?rest_route=\/wp\/v2\/types\/post"}],"author":[{"embeddable":true,"href":"https:\/\/rops-bialystok.pl\/rops\/index.php?rest_route=\/wp\/v2\/users\/15"}],"replies":[{"embeddable":true,"href":"https:\/\/rops-bialystok.pl\/rops\/index.php?rest_route=%2Fwp%2Fv2%2Fcomments&post=25234"}],"version-history":[{"count":3,"href":"https:\/\/rops-bialystok.pl\/rops\/index.php?rest_route=\/wp\/v2\/posts\/25234\/revisions"}],"predecessor-version":[{"id":25242,"href":"https:\/\/rops-bialystok.pl\/rops\/index.php?rest_route=\/wp\/v2\/posts\/25234\/revisions\/25242"}],"wp:attachment":[{"href":"https:\/\/rops-bialystok.pl\/rops\/index.php?rest_route=%2Fwp%2Fv2%2Fmedia&parent=25234"}],"wp:term":[{"taxonomy":"category","embeddable":true,"href":"https:\/\/rops-bialystok.pl\/rops\/index.php?rest_route=%2Fwp%2Fv2%2Fcategories&post=25234"},{"taxonomy":"post_tag","embeddable":true,"href":"https:\/\/rops-bialystok.pl\/rops\/index.php?rest_route=%2Fwp%2Fv2%2Ftags&post=25234"}],"curies":[{"name":"wp","href":"https:\/\/api.w.org\/{rel}","templated":true}]}}