{"id":942,"date":"2012-09-25T18:46:22","date_gmt":"2012-09-25T16:46:22","guid":{"rendered":"http:\/\/www.rops-bialystok.pl\/rops\/?p=942"},"modified":"2014-10-14T12:29:01","modified_gmt":"2014-10-14T10:29:01","slug":"polskie-instytucje-wlasciwe-w-zakresie-koordynacji-swiadczen-rodzinnych","status":"publish","type":"post","link":"https:\/\/rops-bialystok.pl\/rops\/?p=942","title":{"rendered":"Polskie instytucje w\u0142a\u015bciwe w zakresie koordynacji \u015bwiadcze\u0144 rodzinnych."},"content":{"rendered":"<div><strong><em>Wojew\u00f3dztwo Dolno\u015bl\u0105skie <\/em><\/strong><\/div>\n<div><strong><em>Dolno\u015bl\u0105ski O\u015brodek Polityki Spo\u0142ecznej<\/em><\/strong><\/div>\n<div>ul. Ostrowskiego 7<\/div>\n<div>53-238 Wroc\u0142aw<\/div>\n<div>tel. (71) 770 42 01<\/div>\n<div>fax. (71) 770 42 00<\/div>\n<div>dops@dops.wroc.pl<\/div>\n<div><a href=\"http:\/\/www.dops.wroc.pl\/kontakt.php\"><span style=\"text-decoration: underline;\">www.dops.wroc.pl<\/span><\/a><\/div>\n<div><\/div>\n<div>\u00a0<br class=\"none\" \/>\n<\/div>\n<div><strong><em>Wojew\u00f3dztwo Kujawsko-Pomorskie<\/em><\/strong><\/div>\n<div><strong><em>Regionalny O\u015brodek Polityki Spo\u0142ecznej<\/em><\/strong><\/div>\n<div>Ul. S\u0142owackiego 114,<\/div>\n<div>87- 100 Toru\u0144<\/div>\n<div>tel. (56) 657 14 70\u00a0\u00a0\u00a0\u00a0\u00a0\u00a0\u00a0\u00a0\u00a0 (56) 657 14 70<\/div>\n<div>fax.(56) 657 14 61<\/div>\n<div>ropstor@to.onet.pl<\/div>\n<div><a href=\"www.ropstorun.home.pl\"><span style=\"text-decoration: underline;\">www.ropstorun.home.pl<\/span><\/a><\/div>\n<div><\/div>\n<div>\u00a0<br class=\"none\" \/>\n<\/div>\n<div><strong><em>Wojew\u00f3dztwo Lubelskie <\/em><\/strong><\/div>\n<div><strong><em>Regionalny O\u015brodek Polityki Spo\u0142ecznej<\/em><\/strong><\/div>\n<div>ul.Zana 38<\/div>\n<div>20-601 Lublin<\/div>\n<div>tel. (81) 528 94 50\u00a0\u00a0\u00a0\u00a0\u00a0\u00a0\u00a0\u00a0\u00a0 (81) 528 94 50<\/div>\n<div>fax.(81) 528 94 51<\/div>\n<div>rops@lubelskie.pl<\/div>\n<div><a href=\"www.rops.lubelskie.pl\">www.rops.lubelskie.pl<\/a><\/div>\n<div>\u00a0<br class=\"none\" \/>\n<\/div>\n<div><\/div>\n<div><strong><em>Wojew\u00f3dztwo Lubuskie <\/em><\/strong><\/div>\n<div><strong><em>Urz\u0105d Marsza\u0142kowski Wojew\u00f3dztwa Lubuskiego Departament Polityki Spo\u0142ecznej <\/em><\/strong><\/div>\n<div>ul. Podg\u00f3rna 7<\/div>\n<div>skr. poczt. 21<\/div>\n<div>65 &#8211; 904 Zielona G\u00f3ra 4<\/div>\n<div>tel. (68) 45 65 510\u00a0\u00a0\u00a0\u00a0\u00a0\u00a0\u00a0\u00a0\u00a0 (68) 45 65 510<\/div>\n<div>fax.(68) 325 50 69<\/div>\n<div>\u00a0<br class=\"none\" \/>\n<\/div>\n<div><strong><em>Wojew\u00f3dztwo \u0141\u00f3dzkie<\/em><\/strong><\/div>\n<div><strong><em>Regionalne Centrum Polityki Spo\u0142ecznej<\/em><\/strong><\/div>\n<div>ul Snycerska 8<\/div>\n<div>91-302 \u0141\u00f3d\u017a<\/div>\n<div>tel. (42) 203 48 00\u00a0\u00a0\u00a0\u00a0\u00a0\u00a0\u00a0\u00a0\u00a0 (42) 203 48 00<\/div>\n<div>fax.(42) 203 48 17<\/div>\n<div>info@rcpslodz.pl<\/div>\n<div><a href=\"www.rcps.lodz.pl\"><span style=\"text-decoration: underline;\">www.rcps.lodz.pl<\/span><\/a><\/div>\n<div><\/div>\n<div>\u00a0<br class=\"none\" \/>\n<\/div>\n<div><strong><em>Wojew\u00f3dztwo Ma\u0142opolskie<\/em><\/strong><\/div>\n<div><strong><em>Regionalny O\u015brodek Polityki Spo\u0142ecznej<\/em><\/strong><\/div>\n<div>ul. Piastowska 32,<\/div>\n<div>30 &#8211; 070 Krak\u00f3w<\/div>\n<div>tel. (12) 422 06 36\u00a0\u00a0\u00a0\u00a0\u00a0\u00a0\u00a0\u00a0\u00a0 (12) 422 06 36\u00a0(12) 426 10 36\u00a0 (12) 426 10 36<\/div>\n<div>fax.(12) 426 10 35<\/div>\n<div>swiadczenia@rops.krakow.pl<\/div>\n<div><a href=\"www.rops.krakow.pl\"><span style=\"text-decoration: underline;\">www.rops.krakow.pl<\/span><\/a><\/div>\n<div>\u00a0<br class=\"none\" \/>\n<\/div>\n<div><\/div>\n<div><strong><em>Wojew\u00f3dztwo Mazowieckie<\/em><\/strong><\/div>\n<div><strong><em>Mazowieckie Centrum Polityki Spo\u0142ecznej <\/em><\/strong><\/div>\n<div>ul. Nowogrodzka 62a,<\/div>\n<div>02 &#8211; 002 Warszawa<\/div>\n<div>tel. (22) 622 42 32\u00a0\u00a0\u00a0\u00a0\u00a0\u00a0\u00a0\u00a0\u00a0 (22) 622 42 32<\/div>\n<div>fax.(22) 622 47 32<\/div>\n<div>mcps@mazovia.pl<\/div>\n<div><a href=\"www.mcps.mazovia.pl\"><span style=\"text-decoration: underline;\">www.mcps.mazovia.pl<\/span><\/a><\/div>\n<div><\/div>\n<div>\u00a0<br class=\"none\" \/>\n<\/div>\n<div><strong><em>Wojew\u00f3dztwo Opolskie<\/em><\/strong><\/div>\n<div><strong><em>Regionalny O\u015brodek Polityki Spo\u0142ecznej<\/em><\/strong><\/div>\n<div><strong><em>Referat Koordynacji System\u00f3w Zabezpieczenia Spo\u0142ecznego<\/em><\/strong><\/div>\n<div>ul. Rejtana 5<\/div>\n<div>45 &#8211; 331 Opole<\/div>\n<div>tel. (77) 442 44\u00a0\u00a0\u00a0\u00a0\u00a0\u00a0\u00a0\u00a0\u00a0\u00a0\u00a0\u00a0\u00a0\u00a0 (77) 442 44 65\/66<\/div>\n<div>fax.(77) 441 52 59<\/div>\n<div>rops@rops-opole.pl<\/div>\n<div><a href=\"www.rops-opole.pl\"><span style=\"text-decoration: underline;\">www.rops-opole.pl<\/span><\/a><\/div>\n<div><\/div>\n<div>\u00a0<br class=\"none\" \/>\n<\/div>\n<div><strong><em>Wojew\u00f3dztwo Podkarpackie<\/em><\/strong><\/div>\n<div><strong><em>Regionalny O\u015brodek Polityki Spo\u0142ecznej<\/em><\/strong><\/div>\n<div>ul. Hetma\u0144ska 120<\/div>\n<div>35- 078 Rzesz\u00f3w<\/div>\n<div>tel. (17) 747 06 00\u00a0\u00a0\u00a0\u00a0\u00a0\u00a0\u00a0\u00a0\u00a0 (17) 747 06 00<\/div>\n<div>fax.(17) 747 06 01<\/div>\n<div>rops@podkarpackie.pl<\/div>\n<div><a href=\"www.rops.rzeszow.pl\"><span style=\"text-decoration: underline;\">www.rops.rzeszow.pl<\/span><\/a><\/div>\n<div><br class=\"none\" \/><\/div>\n<div><strong><em>Wojew\u00f3dztwo Podlaskie<\/em><\/strong><\/div>\n<div><strong><em>Regionalny O\u015brodek Polityki Spo\u0142ecznej<\/em><\/strong><\/div>\n<div>ul. Kombatant\u00f3w 7,<\/div>\n<div>15 \u2013 082 Bia\u0142ystok<\/div>\n<div>tel. (85) 744 72 72\u00a0\u00a0\u00a0\u00a0\u00a0\u00a0\u00a0\u00a0\u00a0 (85) 744 72 72<\/div>\n<div>fax. (85) 744 71 37<\/div>\n<div>rops@rops.wrotapodlasia.pl<\/div>\n<div><a href=\"www.rops.wrotapodlasia.pl  \"><span style=\"text-decoration: underline;\">www.rops.wrotapodlasia.pl<\/span><\/a><\/div>\n<div>\u00a0<br class=\"none\" \/>\n<\/div>\n<div><strong><em>Wojew\u00f3dztwo Pomorskie<\/em><\/strong><\/div>\n<div><strong><em>Regionalny O\u015brodek Polityki Spo\u0142ecznej Urz\u0119du Marsza\u0142kowskiego Wojew\u00f3dztwa Pomorskiego <\/em><\/strong><\/div>\n<div>ul. Okopowa 21\/27,<\/div>\n<div>80 &#8211; 810 Gda\u0144sk<\/div>\n<div>tel. (58) 326 15 61\u00a0\u00a0\u00a0\u00a0\u00a0\u00a0\u00a0\u00a0\u00a0 (58) 326 15 61<\/div>\n<div>fax.(58) 326 15 63<\/div>\n<div><span style=\"text-decoration: underline;\">dess@woj-pomorskie.pl<\/span><\/div>\n<div><\/div>\n<div>\u00a0<br class=\"none\" \/>\n<\/div>\n<div><strong><em>Wojew\u00f3dztwo \u015al\u0105skie<\/em><\/strong><\/div>\n<div><strong><em>Regionalny O\u015brodek Polityki Spo\u0142ecznej Wojew\u00f3dztwa \u015al\u0105skiego<\/em><\/strong><\/div>\n<div>ul. Modelarska 10,<\/div>\n<div>40 &#8211; 142 Katowice<\/div>\n<div>tel. (32) 730 68 68\u00a0\u00a0\u00a0\u00a0\u00a0\u00a0\u00a0\u00a0\u00a0 (32) 730 68 68<\/div>\n<div>fax. (32) 730 68 53<\/div>\n<div>rops-ksr@silesia-region.pl<\/div>\n<div><a href=\"www.rops-katowice.pl\"><span style=\"text-decoration: underline;\">www.rops-katowice.pl<\/span><\/a><\/div>\n<div><\/div>\n<div>\u00a0<br class=\"none\" \/>\n<\/div>\n<div><strong><em>Wojew\u00f3dztwo \u015awi\u0119tokrzyskie<\/em><\/strong><\/div>\n<div><strong><em>Urz\u0105d Marsza\u0142kowski Wojew\u00f3dztwa \u015awi\u0119tokrzyskiego<\/em><\/strong><\/div>\n<div><strong><em>Regionalny O\u015brodek Polityki Spo\u0142ecznej i Zdrowotnej <\/em><\/strong><\/div>\n<div>Al. IX Wiek\u00f3w Kielc 3,<\/div>\n<div>25-\u00a0516 Kielce<\/div>\n<div>tel. (41) 342 12 42\u00a0\u00a0\u00a0\u00a0\u00a0\u00a0\u00a0\u00a0\u00a0 (41) 342 12 42<\/div>\n<div>fax.(41) 344 30 94<\/div>\n<div>urzad.marszalkowski@sejmik.kielce.pl<\/div>\n<div><a href=\"www.sejmik.kielce.pl\"><span style=\"text-decoration: underline;\">www.sejmik.kielce.pl<\/span><\/a><\/div>\n<div>\u00a0<br class=\"none\" \/>\n<\/div>\n<div><\/div>\n<div><strong><em>Wojew\u00f3dztwo Warmi\u0144sko &#8211; Mazurskie<\/em><\/strong><\/div>\n<div><strong><em>Regionalny O\u015brodek Polityki Spo\u0142ecznej<\/em><\/strong><\/div>\n<div>ul. Emilii Plater 1,<\/div>\n<div>10-562 Olsztyn<\/div>\n<div>tel. (89) 521 95 00\u00a0\u00a0\u00a0\u00a0\u00a0\u00a0\u00a0\u00a0\u00a0 (89) 521 95 00<\/div>\n<div>fax.(89) 521 95 09<\/div>\n<div>rops.ksr@warmia.mazury.pl<\/div>\n<div><a href=\"www.wrota.warmia.mazury.pl\"><span style=\"text-decoration: underline;\">www.wrota.warmia.mazury.pl<\/span><\/a><\/div>\n<div>\u00a0<br class=\"none\" \/>\n<\/div>\n<div><strong><em>Wojew\u00f3dztwo Wielkopolskie<\/em><\/strong><\/div>\n<div><strong><em>Regionalny O\u015brodek Polityki Spo\u0142ecznej<\/em><\/strong><\/div>\n<div>ul. Piekary 14\/15<\/div>\n<div>61 &#8211; 823 Pozna\u0144<\/div>\n<div>tel. (61) 856 73 00\u00a0\u00a0\u00a0\u00a0\u00a0\u00a0\u00a0\u00a0\u00a0 (61) 856 73 00<\/div>\n<div>fax.(61) 851 56 35<\/div>\n<div>Rodzinne.koord@rops-wielkopolska.poznan.pl<\/div>\n<div><a href=\"www.rops.wielkopolska.mw.gov.pl\"><span style=\"text-decoration: underline;\">www.rops.wielkopolska.mw.gov.pl<\/span><\/a><\/div>\n<div>\u00a0<br class=\"none\" \/>\n<\/div>\n<div><strong><em>Wojew\u00f3dztwo Zachodniopomorskie<\/em><\/strong><\/div>\n<div><strong><em>Urz\u0105d Marsza\u0142kowski Wojew\u00f3dztwa Zachodniopomorskiego Regionalny O\u015brodek Polityki Spo\u0142ecznej <\/em><\/strong><\/div>\n<div>ul. Starzy\u0144skiego 3-4<\/div>\n<div>70-506 Szczecin<\/div>\n<div>tel. (91) 425 36 00\u00a0\u00a0\u00a0\u00a0\u00a0\u00a0\u00a0\u00a0\u00a0 (91) 425 36 00<\/div>\n<div>fax. (91) 425 36 07<\/div>\n<div>adres do korespondencji:<\/div>\n<div>ul. Korsarzy 34<\/div>\n<div>70-540 Szczecin<\/div>\n<div><span style=\"text-decoration: underline;\">dz-rops@wzp.pl<\/span><\/div>\n","protected":false},"excerpt":{"rendered":"<p>Wojew\u00f3dztwo Dolno\u015bl\u0105skie Dolno\u015bl\u0105ski O\u015brodek Polityki Spo\u0142ecznej ul. Ostrowskiego 7 53-238 Wroc\u0142aw tel. (71) 770 42 01 fax. (71) 770 42 00 dops@dops.wroc.pl www.dops.wroc.pl \u00a0 Wojew\u00f3dztwo Kujawsko-Pomorskie Regionalny O\u015brodek Polityki Spo\u0142ecznej Ul. S\u0142owackiego 114, 87- 100 Toru\u0144 tel. (56) 657 14 70\u00a0\u00a0\u00a0\u00a0\u00a0\u00a0\u00a0\u00a0\u00a0 (56) 657 14 70 fax.(56) 657 14 61 ropstor@to.onet.pl www.ropstorun.home.pl \u00a0 Wojew\u00f3dztwo Lubelskie Regionalny [&hellip;]<\/p>\n","protected":false},"author":12,"featured_media":0,"comment_status":"closed","ping_status":"closed","sticky":false,"template":"","format":"standard","meta":{"ngg_post_thumbnail":0,"footnotes":""},"categories":[1],"tags":[],"class_list":["post-942","post","type-post","status-publish","format-standard","hentry","category-bez-kategorii"],"_links":{"self":[{"href":"https:\/\/rops-bialystok.pl\/rops\/index.php?rest_route=\/wp\/v2\/posts\/942","targetHints":{"allow":["GET"]}}],"collection":[{"href":"https:\/\/rops-bialystok.pl\/rops\/index.php?rest_route=\/wp\/v2\/posts"}],"about":[{"href":"https:\/\/rops-bialystok.pl\/rops\/index.php?rest_route=\/wp\/v2\/types\/post"}],"author":[{"embeddable":true,"href":"https:\/\/rops-bialystok.pl\/rops\/index.php?rest_route=\/wp\/v2\/users\/12"}],"replies":[{"embeddable":true,"href":"https:\/\/rops-bialystok.pl\/rops\/index.php?rest_route=%2Fwp%2Fv2%2Fcomments&post=942"}],"version-history":[{"count":7,"href":"https:\/\/rops-bialystok.pl\/rops\/index.php?rest_route=\/wp\/v2\/posts\/942\/revisions"}],"predecessor-version":[{"id":7073,"href":"https:\/\/rops-bialystok.pl\/rops\/index.php?rest_route=\/wp\/v2\/posts\/942\/revisions\/7073"}],"wp:attachment":[{"href":"https:\/\/rops-bialystok.pl\/rops\/index.php?rest_route=%2Fwp%2Fv2%2Fmedia&parent=942"}],"wp:term":[{"taxonomy":"category","embeddable":true,"href":"https:\/\/rops-bialystok.pl\/rops\/index.php?rest_route=%2Fwp%2Fv2%2Fcategories&post=942"},{"taxonomy":"post_tag","embeddable":true,"href":"https:\/\/rops-bialystok.pl\/rops\/index.php?rest_route=%2Fwp%2Fv2%2Ftags&post=942"}],"curies":[{"name":"wp","href":"https:\/\/api.w.org\/{rel}","templated":true}]}}